{"id":2856,"date":"2024-10-08T08:03:02","date_gmt":"2024-10-08T08:03:02","guid":{"rendered":"https:\/\/www.propertyobserver.pl\/?p=2856"},"modified":"2024-10-08T08:03:02","modified_gmt":"2024-10-08T08:03:02","slug":"wkomponowali-wielofunkcyjny-obiekt-w-nieczynny-kamieniolom","status":"publish","type":"post","link":"https:\/\/www.propertyobserver.pl\/index.php\/2024\/10\/08\/wkomponowali-wielofunkcyjny-obiekt-w-nieczynny-kamieniolom\/","title":{"rendered":"Wkomponowali wielofunkcyjny obiekt w nieczynny kamienio\u0142om"},"content":{"rendered":"\n<p>W gminie Go\u0142cza w Ma\u0142opolsce zamkni\u0119ty kamienio\u0142om zosta\u0142 przekszta\u0142cony w nowoczesny obiekt wielofunkcyjny. Budynek, zaprojektowany przez ARP Manecki Architekci, sk\u0142ada si\u0119 z czterech bry\u0142, kt\u00f3re wkomponowano w skalne zbocze.<\/p>\n\n\n\n<figure class=\"wp-block-image size-large\"><img fetchpriority=\"high\" decoding=\"async\" width=\"1024\" height=\"683\" src=\"https:\/\/www.propertyobserver.pl\/wp-content\/uploads\/2024\/10\/4-1024x683.jpg\" alt=\"\" class=\"wp-image-2861\" srcset=\"https:\/\/www.propertyobserver.pl\/wp-content\/uploads\/2024\/10\/4-1024x683.jpg 1024w, https:\/\/www.propertyobserver.pl\/wp-content\/uploads\/2024\/10\/4-300x200.jpg 300w, https:\/\/www.propertyobserver.pl\/wp-content\/uploads\/2024\/10\/4-768x512.jpg 768w, https:\/\/www.propertyobserver.pl\/wp-content\/uploads\/2024\/10\/4-1536x1025.jpg 1536w, https:\/\/www.propertyobserver.pl\/wp-content\/uploads\/2024\/10\/4-2048x1366.jpg 2048w, https:\/\/www.propertyobserver.pl\/wp-content\/uploads\/2024\/10\/4-332x221.jpg 332w, https:\/\/www.propertyobserver.pl\/wp-content\/uploads\/2024\/10\/4-664x443.jpg 664w, https:\/\/www.propertyobserver.pl\/wp-content\/uploads\/2024\/10\/4-688x459.jpg 688w, https:\/\/www.propertyobserver.pl\/wp-content\/uploads\/2024\/10\/4-1044x696.jpg 1044w, https:\/\/www.propertyobserver.pl\/wp-content\/uploads\/2024\/10\/4-1400x934.jpg 1400w, https:\/\/www.propertyobserver.pl\/wp-content\/uploads\/2024\/10\/4-1920x1281.jpg 1920w, https:\/\/www.propertyobserver.pl\/wp-content\/uploads\/2024\/10\/4.jpg 2100w\" sizes=\"(max-width: 1024px) 100vw, 1024px\" \/><figcaption class=\"wp-element-caption\">Tomasz Prokop<\/figcaption><\/figure>\n\n\n\n<p>W Ma\u0142opolsce, na terenie dawnego kamienio\u0142omu w Go\u0142czy, zrealizowano niezwyk\u0142y projekt architektoniczny. Z nieu\u017cywanego miejsca powsta\u0142 nowoczesny budynek o szerokim zastosowaniu. Obiekt mie\u015bci przestrzenie kulturalne, takie jak sala kinowa i audytoryjna, a tak\u017ce restauracj\u0119 i laboratorium. Wyr\u00f3\u017cnia si\u0119 ciekaw\u0105 form\u0105 architektoniczn\u0105, sk\u0142adaj\u0105c\u0105 si\u0119 z czterech bry\u0142 wpisanych w zbocze kamienio\u0142omu, oraz elewacj\u0105 z cortenu. Projekt przyci\u0105ga uwag\u0119 r\u00f3wnie\u017c dzi\u0119ki rekreacyjnym atrakcjom, takim jak baseny i sztuczne jezioro.<\/p>\n\n\n\n<figure class=\"wp-block-image size-large\"><img decoding=\"async\" width=\"1024\" height=\"683\" src=\"https:\/\/www.propertyobserver.pl\/wp-content\/uploads\/2024\/10\/2-1024x683.jpg\" alt=\"\" class=\"wp-image-2859\" srcset=\"https:\/\/www.propertyobserver.pl\/wp-content\/uploads\/2024\/10\/2-1024x683.jpg 1024w, https:\/\/www.propertyobserver.pl\/wp-content\/uploads\/2024\/10\/2-300x200.jpg 300w, https:\/\/www.propertyobserver.pl\/wp-content\/uploads\/2024\/10\/2-768x512.jpg 768w, https:\/\/www.propertyobserver.pl\/wp-content\/uploads\/2024\/10\/2-1536x1025.jpg 1536w, https:\/\/www.propertyobserver.pl\/wp-content\/uploads\/2024\/10\/2-2048x1366.jpg 2048w, https:\/\/www.propertyobserver.pl\/wp-content\/uploads\/2024\/10\/2-332x221.jpg 332w, https:\/\/www.propertyobserver.pl\/wp-content\/uploads\/2024\/10\/2-664x443.jpg 664w, https:\/\/www.propertyobserver.pl\/wp-content\/uploads\/2024\/10\/2-688x459.jpg 688w, https:\/\/www.propertyobserver.pl\/wp-content\/uploads\/2024\/10\/2-1044x696.jpg 1044w, https:\/\/www.propertyobserver.pl\/wp-content\/uploads\/2024\/10\/2-1400x934.jpg 1400w, https:\/\/www.propertyobserver.pl\/wp-content\/uploads\/2024\/10\/2-1920x1281.jpg 1920w, https:\/\/www.propertyobserver.pl\/wp-content\/uploads\/2024\/10\/2.jpg 2100w\" sizes=\"(max-width: 1024px) 100vw, 1024px\" \/><figcaption class=\"wp-element-caption\">Tomasz Prokop<\/figcaption><\/figure>\n\n\n\n<blockquote class=\"wp-block-quote is-layout-flow wp-block-quote-is-layout-flow\">\n<p>Najwa\u017cniejsz\u0105 cz\u0119\u015bci\u0105 tego projektu by\u0142o opracowanie systemu zabezpiecze\u0144 przed kamieniami, kt\u00f3re mog\u0105 odpada\u0107 od \u015bcian. Wieloletnie wydobycie kamienia naruszy\u0142o ska\u0142y, dlatego tak wa\u017cne by\u0142o zaprojektowanie odpowiednich zabezpiecze\u0144, aby obiekt m\u00f3g\u0142 by\u0107 u\u017cytkowany bez obaw<\/p>\n<\/blockquote>\n\n\n\n<p>powiedzia\u0142:&nbsp;Mateusz Manecki, autor projektu<\/p>\n\n\n\n<figure class=\"wp-block-image size-large\"><img decoding=\"async\" width=\"2100\" height=\"1564\" src=\"https:\/\/www.propertyobserver.pl\/wp-content\/uploads\/2024\/10\/3-1024x763.jpg\" alt=\"\" class=\"wp-image-2860\" srcset=\"https:\/\/www.propertyobserver.pl\/wp-content\/uploads\/2024\/10\/3-1024x763.jpg 1024w, https:\/\/www.propertyobserver.pl\/wp-content\/uploads\/2024\/10\/3-300x223.jpg 300w, https:\/\/www.propertyobserver.pl\/wp-content\/uploads\/2024\/10\/3-768x572.jpg 768w, https:\/\/www.propertyobserver.pl\/wp-content\/uploads\/2024\/10\/3-1536x1144.jpg 1536w, https:\/\/www.propertyobserver.pl\/wp-content\/uploads\/2024\/10\/3-2048x1525.jpg 2048w, https:\/\/www.propertyobserver.pl\/wp-content\/uploads\/2024\/10\/3-332x247.jpg 332w, https:\/\/www.propertyobserver.pl\/wp-content\/uploads\/2024\/10\/3-664x495.jpg 664w, https:\/\/www.propertyobserver.pl\/wp-content\/uploads\/2024\/10\/3-688x512.jpg 688w, https:\/\/www.propertyobserver.pl\/wp-content\/uploads\/2024\/10\/3-1044x778.jpg 1044w, https:\/\/www.propertyobserver.pl\/wp-content\/uploads\/2024\/10\/3-1400x1043.jpg 1400w, https:\/\/www.propertyobserver.pl\/wp-content\/uploads\/2024\/10\/3-1920x1430.jpg 1920w, https:\/\/www.propertyobserver.pl\/wp-content\/uploads\/2024\/10\/3.jpg 2100w\" sizes=\"(max-width: 2100px) 100vw, 2100px\" \/><figcaption class=\"wp-element-caption\">Tomasz Prokop<\/figcaption><\/figure>\n\n\n\n<p>Budynki cz\u0119\u015bciowo oparte zosta\u0142y o ska\u0142\u0119, a cz\u0119\u015bciowo nadwieszone nad kamienio\u0142omem. Przy realizacji elewacji obiektu u\u017cyto stali cortenowskiej, kt\u00f3ra rdzewieje tylko powierzchniowo, nawi\u0105zuj\u0105c swoim kolorem do bia\u0142o-szaro-rudej ska\u0142y. Naturalny zbiornik wodny sta\u0142 si\u0119 jeziorem z fontannami. Z my\u015bl\u0105 o mieszka\u0144cach powsta\u0142 tak\u017ce certyfikowany basen. Niezwyk\u0142y klimat tego miejsca podkre\u015bla oprawa kamienio\u0142omu.<\/p>\n\n\n\n<figure class=\"wp-block-image size-large\"><img loading=\"lazy\" decoding=\"async\" width=\"1024\" height=\"683\" src=\"https:\/\/www.propertyobserver.pl\/wp-content\/uploads\/2024\/10\/5-1024x683.jpg\" alt=\"\" class=\"wp-image-2862\" srcset=\"https:\/\/www.propertyobserver.pl\/wp-content\/uploads\/2024\/10\/5-1024x683.jpg 1024w, https:\/\/www.propertyobserver.pl\/wp-content\/uploads\/2024\/10\/5-300x200.jpg 300w, https:\/\/www.propertyobserver.pl\/wp-content\/uploads\/2024\/10\/5-768x512.jpg 768w, https:\/\/www.propertyobserver.pl\/wp-content\/uploads\/2024\/10\/5-1536x1025.jpg 1536w, https:\/\/www.propertyobserver.pl\/wp-content\/uploads\/2024\/10\/5-2048x1366.jpg 2048w, https:\/\/www.propertyobserver.pl\/wp-content\/uploads\/2024\/10\/5-332x221.jpg 332w, https:\/\/www.propertyobserver.pl\/wp-content\/uploads\/2024\/10\/5-664x443.jpg 664w, https:\/\/www.propertyobserver.pl\/wp-content\/uploads\/2024\/10\/5-688x459.jpg 688w, https:\/\/www.propertyobserver.pl\/wp-content\/uploads\/2024\/10\/5-1044x696.jpg 1044w, https:\/\/www.propertyobserver.pl\/wp-content\/uploads\/2024\/10\/5-1400x934.jpg 1400w, https:\/\/www.propertyobserver.pl\/wp-content\/uploads\/2024\/10\/5-1920x1281.jpg 1920w, https:\/\/www.propertyobserver.pl\/wp-content\/uploads\/2024\/10\/5.jpg 2100w\" sizes=\"(max-width: 1024px) 100vw, 1024px\" \/><figcaption class=\"wp-element-caption\">Tomasz Prokop<\/figcaption><\/figure>\n\n\n\n<p>To nowoczesne zagospodarowanie nawi\u0105zuje do historii regionu i jego krajobrazu.<\/p>\n","protected":false},"excerpt":{"rendered":"Kamienio\u0142om w Go\u0142czy, po\u0142o\u017cony w Ma\u0142opolsce, to dawny obiekt wydobywczy, kt\u00f3ry przeszed\u0142 transformacj\u0119 w nowoczesny, wielofunkcyjny kompleks. Zamiast pe\u0142ni\u0107 ju\u017c swoj\u0105 pierwotn\u0105 funkcj\u0119, teren zosta\u0142 przekszta\u0142cony w miejsce kulturalno-rekreacyjne.","protected":false},"author":2,"featured_media":2858,"comment_status":"open","ping_status":"open","sticky":false,"template":"","format":"standard","meta":{"csco_display_header_overlay":false,"csco_singular_sidebar":"","csco_page_header_type":"","csco_page_load_nextpost":"","csco_post_video_location":[],"csco_post_video_location_hash":"","csco_post_video_url":"","csco_post_video_bg_start_time":0,"csco_post_video_bg_end_time":0,"footnotes":""},"categories":[10,9],"tags":[34,69],"class_list":{"0":"post-2856","1":"post","2":"type-post","3":"status-publish","4":"format-standard","5":"has-post-thumbnail","7":"category-architektura","8":"category-ukonczone","9":"tag-europa","10":"tag-polska","11":"cs-entry","12":"cs-video-wrap"},"_links":{"self":[{"href":"https:\/\/www.propertyobserver.pl\/index.php\/wp-json\/wp\/v2\/posts\/2856"}],"collection":[{"href":"https:\/\/www.propertyobserver.pl\/index.php\/wp-json\/wp\/v2\/posts"}],"about":[{"href":"https:\/\/www.propertyobserver.pl\/index.php\/wp-json\/wp\/v2\/types\/post"}],"author":[{"embeddable":true,"href":"https:\/\/www.propertyobserver.pl\/index.php\/wp-json\/wp\/v2\/users\/2"}],"replies":[{"embeddable":true,"href":"https:\/\/www.propertyobserver.pl\/index.php\/wp-json\/wp\/v2\/comments?post=2856"}],"version-history":[{"count":1,"href":"https:\/\/www.propertyobserver.pl\/index.php\/wp-json\/wp\/v2\/posts\/2856\/revisions"}],"predecessor-version":[{"id":2863,"href":"https:\/\/www.propertyobserver.pl\/index.php\/wp-json\/wp\/v2\/posts\/2856\/revisions\/2863"}],"wp:featuredmedia":[{"embeddable":true,"href":"https:\/\/www.propertyobserver.pl\/index.php\/wp-json\/wp\/v2\/media\/2858"}],"wp:attachment":[{"href":"https:\/\/www.propertyobserver.pl\/index.php\/wp-json\/wp\/v2\/media?parent=2856"}],"wp:term":[{"taxonomy":"category","embeddable":true,"href":"https:\/\/www.propertyobserver.pl\/index.php\/wp-json\/wp\/v2\/categories?post=2856"},{"taxonomy":"post_tag","embeddable":true,"href":"https:\/\/www.propertyobserver.pl\/index.php\/wp-json\/wp\/v2\/tags?post=2856"}],"curies":[{"name":"wp","href":"https:\/\/api.w.org\/{rel}","templated":true}]}}