{"id":3903,"date":"2025-04-04T08:04:06","date_gmt":"2025-04-04T08:04:06","guid":{"rendered":"https:\/\/www.propertyobserver.pl\/?p=3903"},"modified":"2025-04-04T08:04:07","modified_gmt":"2025-04-04T08:04:07","slug":"nowe-narodowe-muzeum-historii-wegier-ukryte-zostanie-w-lesie","status":"publish","type":"post","link":"https:\/\/www.propertyobserver.pl\/index.php\/2025\/04\/04\/nowe-narodowe-muzeum-historii-wegier-ukryte-zostanie-w-lesie\/","title":{"rendered":"Nowe narodowe muzeum historii W\u0119gier &#8222;ukryte&#8221; zostanie w lesie"},"content":{"rendered":"\n<p>Du\u0144ska pracownia architektoniczna <strong>Bjarke Ingels Group (BIG)<\/strong> wygra\u0142a konkurs na projekt nowej siedziby w\u0119gierskiego Muzeum Historii Naturalnej w drugim co do wielko\u015bci mie\u015bcie w kraju &#8211; Debreczynie.<\/p>\n\n\n\n<p>Nowa siedziba muzeum b\u0119dzie mia\u0142a powierzchni\u0119 23 000 metr\u00f3w kwadratowych i powstanie Wielkim Lesie (Nagyerd\u0151) w p\u00f3\u0142nocnej cz\u0119\u015bci miasta. W\u0119gierskie Ministerstwo Kultury i Innowacji chce przenie\u015b\u0107 tam muzeum z Budapesztu, aby Debreczyn sta\u0142 si\u0119 centrum kultury i edukacji.<\/p>\n\n\n\n<figure class=\"wp-block-image size-large\"><img fetchpriority=\"high\" decoding=\"async\" width=\"1024\" height=\"814\" src=\"https:\/\/www.propertyobserver.pl\/wp-content\/uploads\/2025\/04\/70-1024x814.jpg\" alt=\"\" class=\"wp-image-3905\" srcset=\"https:\/\/www.propertyobserver.pl\/wp-content\/uploads\/2025\/04\/70-1024x814.jpg 1024w, https:\/\/www.propertyobserver.pl\/wp-content\/uploads\/2025\/04\/70-300x238.jpg 300w, https:\/\/www.propertyobserver.pl\/wp-content\/uploads\/2025\/04\/70-768x610.jpg 768w, https:\/\/www.propertyobserver.pl\/wp-content\/uploads\/2025\/04\/70-332x264.jpg 332w, https:\/\/www.propertyobserver.pl\/wp-content\/uploads\/2025\/04\/70-664x528.jpg 664w, https:\/\/www.propertyobserver.pl\/wp-content\/uploads\/2025\/04\/70-688x547.jpg 688w, https:\/\/www.propertyobserver.pl\/wp-content\/uploads\/2025\/04\/70-1044x830.jpg 1044w, https:\/\/www.propertyobserver.pl\/wp-content\/uploads\/2025\/04\/70-1400x1113.jpg 1400w, https:\/\/www.propertyobserver.pl\/wp-content\/uploads\/2025\/04\/70.jpg 1500w\" sizes=\"(max-width: 1024px) 100vw, 1024px\" \/><figcaption class=\"wp-element-caption\">Bjarke Ingels Group<\/figcaption><\/figure>\n\n\n\n<p><strong>Muzeum Historii Naturalnej<\/strong> posiada\u0142o b\u0119dzie sta\u0142e i tymczasowe sale wystawowe, obiekty edukacyjne oraz badawcze, a tak\u017ce budynki u\u017cyteczno\u015bci publicznej. Projekt zak\u0142ada budow\u0119 trzech nak\u0142adaj\u0105cych si\u0119 na siebie ramp na\u0142o\u017conych na g\u0142\u00f3wny obiekt. Pomys\u0142 polega na zakamuflowaniu budynku w\u015br\u00f3d drzew i stworzeniu atrakcyjnego elementu parku z widokiem na miasto.<\/p>\n\n\n\n<figure class=\"wp-block-image size-large\"><img decoding=\"async\" width=\"1024\" height=\"814\" src=\"https:\/\/www.propertyobserver.pl\/wp-content\/uploads\/2025\/04\/71-1024x814.jpg\" alt=\"\" class=\"wp-image-3906\" srcset=\"https:\/\/www.propertyobserver.pl\/wp-content\/uploads\/2025\/04\/71-1024x814.jpg 1024w, https:\/\/www.propertyobserver.pl\/wp-content\/uploads\/2025\/04\/71-300x239.jpg 300w, https:\/\/www.propertyobserver.pl\/wp-content\/uploads\/2025\/04\/71-768x611.jpg 768w, https:\/\/www.propertyobserver.pl\/wp-content\/uploads\/2025\/04\/71-332x264.jpg 332w, https:\/\/www.propertyobserver.pl\/wp-content\/uploads\/2025\/04\/71-664x528.jpg 664w, https:\/\/www.propertyobserver.pl\/wp-content\/uploads\/2025\/04\/71-688x547.jpg 688w, https:\/\/www.propertyobserver.pl\/wp-content\/uploads\/2025\/04\/71-1044x830.jpg 1044w, https:\/\/www.propertyobserver.pl\/wp-content\/uploads\/2025\/04\/71-1400x1113.jpg 1400w, https:\/\/www.propertyobserver.pl\/wp-content\/uploads\/2025\/04\/71.jpg 1500w\" sizes=\"(max-width: 1024px) 100vw, 1024px\" \/><figcaption class=\"wp-element-caption\">Bjarke Ingels Group<\/figcaption><\/figure>\n\n\n\n<p>G\u0142\u00f3wny budynek zosta\u0142 zbudowany z masywnego drewna, z fasad\u0105 wykonan\u0105 z lokalnie pozyskiwanych paneli ze zw\u0119glonego drewna. Jest on cz\u0119\u015bciowo zag\u0142\u0119biony w ziemi, aby lepiej wtopi\u0107 si\u0119 w las.<\/p>\n\n\n\n<blockquote class=\"wp-block-quote is-layout-flow wp-block-quote-is-layout-flow\">\n<p>\u201eHistoria naturalna to temat, kt\u00f3ry jest mi bliski &#8211; tak bliski, \u017ce nazwa\u0142em mojego najstarszego syna Darwin\u201d &#8211; powiedzia\u0142 za\u0142o\u017cyciel Bjarke Ingels.<\/p>\n<\/blockquote>\n\n\n\n<p>BIG wsp\u00f3\u0142pracowa\u0142 przy projekcie z Vik\u00e1r \u00e9s Luk\u00e1cs \u00c9p\u00edt\u00e9s St\u00fadi\u00f3, Museum Studio i TYPSA.<\/p>\n","protected":false},"excerpt":{"rendered":"Poznali\u015bmy wyniku konkursu architektonicznego na projekt nowej siedziby w\u0119gierskiego Muzeum Historii Naturalnej, kt\u00f3re powsta\u0107 ma w Debreczynie.","protected":false},"author":3,"featured_media":3907,"comment_status":"open","ping_status":"open","sticky":false,"template":"","format":"standard","meta":{"csco_display_header_overlay":false,"csco_singular_sidebar":"","csco_page_header_type":"","csco_page_load_nextpost":"","csco_post_video_location":[],"csco_post_video_location_hash":"","csco_post_video_url":"","csco_post_video_bg_start_time":0,"csco_post_video_bg_end_time":0,"footnotes":""},"categories":[7],"tags":[139,34,138],"class_list":{"0":"post-3903","1":"post","2":"type-post","3":"status-publish","4":"format-standard","5":"has-post-thumbnail","7":"category-planynaprzyszlosc","8":"tag-debreczyn","9":"tag-europa","10":"tag-wegry","11":"cs-entry","12":"cs-video-wrap"},"_links":{"self":[{"href":"https:\/\/www.propertyobserver.pl\/index.php\/wp-json\/wp\/v2\/posts\/3903"}],"collection":[{"href":"https:\/\/www.propertyobserver.pl\/index.php\/wp-json\/wp\/v2\/posts"}],"about":[{"href":"https:\/\/www.propertyobserver.pl\/index.php\/wp-json\/wp\/v2\/types\/post"}],"author":[{"embeddable":true,"href":"https:\/\/www.propertyobserver.pl\/index.php\/wp-json\/wp\/v2\/users\/3"}],"replies":[{"embeddable":true,"href":"https:\/\/www.propertyobserver.pl\/index.php\/wp-json\/wp\/v2\/comments?post=3903"}],"version-history":[{"count":1,"href":"https:\/\/www.propertyobserver.pl\/index.php\/wp-json\/wp\/v2\/posts\/3903\/revisions"}],"predecessor-version":[{"id":3908,"href":"https:\/\/www.propertyobserver.pl\/index.php\/wp-json\/wp\/v2\/posts\/3903\/revisions\/3908"}],"wp:featuredmedia":[{"embeddable":true,"href":"https:\/\/www.propertyobserver.pl\/index.php\/wp-json\/wp\/v2\/media\/3907"}],"wp:attachment":[{"href":"https:\/\/www.propertyobserver.pl\/index.php\/wp-json\/wp\/v2\/media?parent=3903"}],"wp:term":[{"taxonomy":"category","embeddable":true,"href":"https:\/\/www.propertyobserver.pl\/index.php\/wp-json\/wp\/v2\/categories?post=3903"},{"taxonomy":"post_tag","embeddable":true,"href":"https:\/\/www.propertyobserver.pl\/index.php\/wp-json\/wp\/v2\/tags?post=3903"}],"curies":[{"name":"wp","href":"https:\/\/api.w.org\/{rel}","templated":true}]}}