{"id":4138,"date":"2025-05-09T12:25:31","date_gmt":"2025-05-09T12:25:31","guid":{"rendered":"https:\/\/www.propertyobserver.pl\/?p=4138"},"modified":"2025-05-09T12:25:32","modified_gmt":"2025-05-09T12:25:32","slug":"nowy-most-peljesac-perla-inzynierii-laczaca-poludnie-chorwacji","status":"publish","type":"post","link":"https:\/\/www.propertyobserver.pl\/index.php\/2025\/05\/09\/nowy-most-peljesac-perla-inzynierii-laczaca-poludnie-chorwacji\/","title":{"rendered":"Nowy most Pelje\u0161ac \u2013 per\u0142a in\u017cynierii \u0142\u0105cz\u0105ca po\u0142udnie Chorwacji"},"content":{"rendered":"\n<p>Ten imponuj\u0105cy most, rozci\u0105gaj\u0105cy si\u0119 nad malownicz\u0105 zatok\u0105 Mali Ston, stanowi fizyczne po\u0142\u0105czenie dw\u00f3ch cz\u0119\u015bci kraju, kt\u00f3re przez lata dzieli\u0142&#8230; pas wybrze\u017ca nale\u017c\u0105cy do Bo\u015bni i Hercegowiny.<\/p>\n\n\n\n<h3 class=\"wp-block-heading\">Nowoczesno\u015b\u0107 spotyka natur\u0119<\/h3>\n\n\n\n<p>Most Pelje\u0161ac mierzy 2404 metry d\u0142ugo\u015bci i 55 metr\u00f3w wysoko\u015bci nad poziomem morza, co pozwala nawet najwi\u0119kszym statkom pasa\u017cerskim bezpiecznie przep\u0142ywa\u0107 pod jego prz\u0119s\u0142ami. Zosta\u0142 zaprojektowany przez zesp\u00f3\u0142 chi\u0144skiej firmy China Road and Bridge Corporation (CRBC), kt\u00f3ra wygra\u0142a przetarg na jego budow\u0119 w 2018 roku. To jedno z nielicznych przedsi\u0119wzi\u0119\u0107 infrastrukturalnych w Europie realizowanych przez chi\u0144skie konsorcjum \u2013 i jak dot\u0105d jedno z najbardziej udanych.<\/p>\n\n\n\n<p>Konstrukcja to most wantowy, wsparty na sze\u015bciu g\u0142\u00f3wnych filarach, o dynamicznym i eleganckim profilu, doskonale wpisuj\u0105cym si\u0119 w nadadriatycki krajobraz. Projektanci musieli zmierzy\u0107 si\u0119 z wymagaj\u0105cymi warunkami geologicznymi oraz ryzykiem sejsmicznym \u2013 region znany jest z aktywno\u015bci tektonicznej. Dzi\u0119ki wykorzystaniu zaawansowanych technologii, jak czujniki tensometryczne i systemy monitorowania w czasie rzeczywistym, most spe\u0142nia najwy\u017csze standardy bezpiecze\u0144stwa.<\/p>\n\n\n\n<h3 class=\"wp-block-heading\">Znaczenie geopolityczne i gospodarcze<\/h3>\n\n\n\n<p>Most Pelje\u0161ac to nie tylko triumf in\u017cynierii, ale r\u00f3wnie\u017c rozwi\u0105zanie d\u0142ugoletniego problemu logistycznego Chorwacji. Dot\u0105d jedynym l\u0105dowym po\u0142\u0105czeniem z eksklaw\u0105 Dubrownika by\u0142a droga prowadz\u0105ca przez bo\u015bniackie terytorium \u2013 miasto Neum. Przejazd przez t\u0119 enklaw\u0119 wi\u0105za\u0142 si\u0119 z kontrolami granicznymi i op\u00f3\u017anieniami, szczeg\u00f3lnie dokuczliwymi w sezonie turystycznym.<\/p>\n\n\n\n<p>Teraz podr\u00f3\u017c z p\u00f3\u0142nocy na po\u0142udnie kraju jest p\u0142ynna i szybka, a sam most sta\u0142 si\u0119 arteri\u0105 \u017cycia gospodarczego po\u0142udniowej Dalmacji. U\u0142atwia transport towar\u00f3w, wspiera rozw\u00f3j turystyki i skraca czas dojazdu karetek oraz s\u0142u\u017cb ratunkowych.<\/p>\n\n\n\n<h3 class=\"wp-block-heading\">Finansowanie i unijny wymiar wsp\u00f3\u0142pracy<\/h3>\n\n\n\n<p>Warto podkre\u015bli\u0107, \u017ce most Pelje\u0161ac by\u0142 wsp\u00f3\u0142finansowany przez Uni\u0119 Europejsk\u0105, kt\u00f3ra pokry\u0142a oko\u0142o 85% koszt\u00f3w projektu, wynosz\u0105cych \u0142\u0105cznie ponad 500 milion\u00f3w euro. To najwi\u0119kszy pojedynczy projekt infrastrukturalny sfinansowany z funduszy unijnych w Chorwacji. Jego realizacja symbolizuje nie tylko jedno\u015b\u0107 kraju, ale r\u00f3wnie\u017c solidarno\u015b\u0107 europejsk\u0105 \u2013 inwestycj\u0119 wspiera\u0142y r\u00f3wnie\u017c W\u0142ochy, Niemcy oraz S\u0142owenia.<\/p>\n\n\n\n<h3 class=\"wp-block-heading\">Reakcja spo\u0142ecze\u0144stwa i przysz\u0142o\u015b\u0107 regionu<\/h3>\n\n\n\n<p>Otwarcie mostu zosta\u0142o przyj\u0119te z entuzjazmem i wzruszeniem. Setki mieszka\u0144c\u00f3w wzi\u0119\u0142y udzia\u0142 w uroczystej inauguracji, a media okrzykn\u0119\u0142y projekt \u201emostem nad podzia\u0142ami\u201d. Ruch turystyczny w regionie Dubrownika wzr\u00f3s\u0142 o 15% w ci\u0105gu pierwszego roku po otwarciu, a lokalni przedsi\u0119biorcy ju\u017c zg\u0142aszaj\u0105 znacz\u0105cy wzrost obrot\u00f3w.<\/p>\n\n\n\n<p>Most Pelje\u0161ac to dow\u00f3d na to, \u017ce nawet w XXI wieku monumentalne dzie\u0142a in\u017cynierskie mog\u0105 \u0142\u0105czy\u0107 ludzi, regiony i idee. W dobie podzia\u0142\u00f3w i kryzys\u00f3w, taki symbol wsp\u00f3\u0142pracy i nowoczesno\u015bci jest nie tylko potrzebny \u2013 jest konieczny.<\/p>\n","protected":false},"excerpt":{"rendered":"W lipcu 2022 roku Chorwacja otworzy\u0142a d\u0142ugo wyczekiwany most Pelje\u0161ac \u2013 strategiczn\u0105 inwestycj\u0119 infrastrukturaln\u0105, kt\u00f3ra nie tylko odmieni\u0142a codzienne \u017cycie mieszka\u0144c\u00f3w po\u0142udniowego wybrze\u017ca, ale r\u00f3wnie\u017c sta\u0142a si\u0119 symbolem in\u017cynierskiej perfekcji i politycznego zjednoczenia Europy.","protected":false},"author":1,"featured_media":4140,"comment_status":"open","ping_status":"open","sticky":false,"template":"","format":"standard","meta":{"csco_display_header_overlay":false,"csco_singular_sidebar":"","csco_page_header_type":"","csco_page_load_nextpost":"","csco_post_video_location":[],"csco_post_video_location_hash":"","csco_post_video_url":"","csco_post_video_bg_start_time":0,"csco_post_video_bg_end_time":0,"footnotes":""},"categories":[9],"tags":[151,34],"class_list":{"0":"post-4138","1":"post","2":"type-post","3":"status-publish","4":"format-standard","5":"has-post-thumbnail","7":"category-ukonczone","8":"tag-chorwacja","9":"tag-europa","10":"cs-entry","11":"cs-video-wrap"},"_links":{"self":[{"href":"https:\/\/www.propertyobserver.pl\/index.php\/wp-json\/wp\/v2\/posts\/4138"}],"collection":[{"href":"https:\/\/www.propertyobserver.pl\/index.php\/wp-json\/wp\/v2\/posts"}],"about":[{"href":"https:\/\/www.propertyobserver.pl\/index.php\/wp-json\/wp\/v2\/types\/post"}],"author":[{"embeddable":true,"href":"https:\/\/www.propertyobserver.pl\/index.php\/wp-json\/wp\/v2\/users\/1"}],"replies":[{"embeddable":true,"href":"https:\/\/www.propertyobserver.pl\/index.php\/wp-json\/wp\/v2\/comments?post=4138"}],"version-history":[{"count":1,"href":"https:\/\/www.propertyobserver.pl\/index.php\/wp-json\/wp\/v2\/posts\/4138\/revisions"}],"predecessor-version":[{"id":4141,"href":"https:\/\/www.propertyobserver.pl\/index.php\/wp-json\/wp\/v2\/posts\/4138\/revisions\/4141"}],"wp:featuredmedia":[{"embeddable":true,"href":"https:\/\/www.propertyobserver.pl\/index.php\/wp-json\/wp\/v2\/media\/4140"}],"wp:attachment":[{"href":"https:\/\/www.propertyobserver.pl\/index.php\/wp-json\/wp\/v2\/media?parent=4138"}],"wp:term":[{"taxonomy":"category","embeddable":true,"href":"https:\/\/www.propertyobserver.pl\/index.php\/wp-json\/wp\/v2\/categories?post=4138"},{"taxonomy":"post_tag","embeddable":true,"href":"https:\/\/www.propertyobserver.pl\/index.php\/wp-json\/wp\/v2\/tags?post=4138"}],"curies":[{"name":"wp","href":"https:\/\/api.w.org\/{rel}","templated":true}]}}