{"id":4189,"date":"2025-05-19T08:42:24","date_gmt":"2025-05-19T08:42:24","guid":{"rendered":"https:\/\/www.propertyobserver.pl\/?p=4189"},"modified":"2025-05-19T08:42:24","modified_gmt":"2025-05-19T08:42:24","slug":"arena-przyszlosci-jak-munich-arena-zmieni-rozrywke-w-europie","status":"publish","type":"post","link":"https:\/\/www.propertyobserver.pl\/index.php\/2025\/05\/19\/arena-przyszlosci-jak-munich-arena-zmieni-rozrywke-w-europie\/","title":{"rendered":"Arena przysz\u0142o\u015bci: Jak Munich Arena zmieni rozrywk\u0119 w Europie"},"content":{"rendered":"\n<h3 class=\"wp-block-heading\">Wsp\u00f3\u0142czesna \u015bwi\u0105tynia widowisk<\/h3>\n\n\n\n<p>Zlokalizowana w strategicznym punkcie \u2013 na p\u00f3\u0142noc od Monachium, w bezpo\u015brednim s\u0105siedztwie mi\u0119dzynarodowego lotniska \u2013 Munich Arena zosta\u0142a zaprojektowana jako miejsce \u015bwiatowej klasy wydarze\u0144: od koncert\u00f3w topowych artyst\u00f3w, przez widowiska multimedialne, a\u017c po wydarzenia sportowe i konferencje.<\/p>\n\n\n\n<figure class=\"wp-block-image size-large\"><img fetchpriority=\"high\" decoding=\"async\" width=\"1024\" height=\"768\" src=\"https:\/\/www.propertyobserver.pl\/wp-content\/uploads\/2025\/05\/20-1024x768.jpg\" alt=\"\" class=\"wp-image-4191\" srcset=\"https:\/\/www.propertyobserver.pl\/wp-content\/uploads\/2025\/05\/20-1024x768.jpg 1024w, https:\/\/www.propertyobserver.pl\/wp-content\/uploads\/2025\/05\/20-300x225.jpg 300w, https:\/\/www.propertyobserver.pl\/wp-content\/uploads\/2025\/05\/20-768x576.jpg 768w, https:\/\/www.propertyobserver.pl\/wp-content\/uploads\/2025\/05\/20-332x249.jpg 332w, https:\/\/www.propertyobserver.pl\/wp-content\/uploads\/2025\/05\/20-664x498.jpg 664w, https:\/\/www.propertyobserver.pl\/wp-content\/uploads\/2025\/05\/20-688x516.jpg 688w, https:\/\/www.propertyobserver.pl\/wp-content\/uploads\/2025\/05\/20-1044x783.jpg 1044w, https:\/\/www.propertyobserver.pl\/wp-content\/uploads\/2025\/05\/20.jpg 1200w\" sizes=\"(max-width: 1024px) 100vw, 1024px\" \/><figcaption class=\"wp-element-caption\">Populous<\/figcaption><\/figure>\n\n\n\n<p>Unikalna koncepcja wn\u0119trza zak\u0142ada uk\u0142ad siedze\u0144 w kszta\u0142cie podkowy (270 stopni), kt\u00f3ry otacza centralnie umieszczon\u0105 scen\u0119. Dzi\u0119ki stromo opadaj\u0105cym trybunom, ka\u017cdy widz b\u0119dzie mia\u0142 wra\u017cenie bezpo\u015bredniego kontaktu z artyst\u0105. Innowacyjne rozwi\u0105zania akustyczne oraz zastosowanie najnowszych technologii audiowizualnych zagwarantuj\u0105 niezr\u00f3wnan\u0105 jako\u015b\u0107 odbioru.<\/p>\n\n\n\n<h3 class=\"wp-block-heading\">Architektura, kt\u00f3ra opowiada histori\u0119<\/h3>\n\n\n\n<p>Za projekt architektoniczny odpowiada renomowana pracownia <strong>Populous<\/strong>, wsp\u00f3lnie z biurem <strong>HENN<\/strong> oraz krajobrazowymi ekspertami z <strong>Latz+Partner<\/strong>. Efektem tej wsp\u00f3\u0142pracy jest obiekt o wyrazistej, zapadaj\u0105cej w pami\u0119\u0107 bryle \u2013 fasada w formie diamentowego egzoszkieletu nawi\u0105zuje bezpo\u015brednio do geometrycznych wzor\u00f3w z bawarskiej flagi, stanowi\u0105c jednocze\u015bnie nowoczesny symbol regionalnej to\u017csamo\u015bci.<\/p>\n\n\n\n<figure class=\"wp-block-image size-large\"><img decoding=\"async\" width=\"1024\" height=\"768\" src=\"https:\/\/www.propertyobserver.pl\/wp-content\/uploads\/2025\/05\/22-1024x768.jpg\" alt=\"\" class=\"wp-image-4193\" srcset=\"https:\/\/www.propertyobserver.pl\/wp-content\/uploads\/2025\/05\/22-1024x768.jpg 1024w, https:\/\/www.propertyobserver.pl\/wp-content\/uploads\/2025\/05\/22-300x225.jpg 300w, https:\/\/www.propertyobserver.pl\/wp-content\/uploads\/2025\/05\/22-768x576.jpg 768w, https:\/\/www.propertyobserver.pl\/wp-content\/uploads\/2025\/05\/22-332x249.jpg 332w, https:\/\/www.propertyobserver.pl\/wp-content\/uploads\/2025\/05\/22-664x498.jpg 664w, https:\/\/www.propertyobserver.pl\/wp-content\/uploads\/2025\/05\/22-688x516.jpg 688w, https:\/\/www.propertyobserver.pl\/wp-content\/uploads\/2025\/05\/22-1044x783.jpg 1044w, https:\/\/www.propertyobserver.pl\/wp-content\/uploads\/2025\/05\/22.jpg 1200w\" sizes=\"(max-width: 1024px) 100vw, 1024px\" \/><figcaption class=\"wp-element-caption\">Populous<\/figcaption><\/figure>\n\n\n\n<p>Design Munich Arena to nie tylko forma \u2013 to przemy\u015blana funkcjonalno\u015b\u0107 i zr\u00f3wnowa\u017cony rozw\u00f3j, zaplanowane z my\u015bl\u0105 o przysz\u0142o\u015bci.<\/p>\n\n\n\n<h3 class=\"wp-block-heading\">Gospodarczy impuls dla regionu<\/h3>\n\n\n\n<p>Zgodnie z raportem przygotowanym przez firm\u0119 doradcz\u0105 <strong>Deloitte<\/strong>, budowa areny wygeneruje <strong>391 milion\u00f3w euro warto\u015bci dodanej brutto (GVA)<\/strong> dla lokalnej gospodarki. Po uruchomieniu obiektu, roczna warto\u015b\u0107 generowana przez aren\u0119 ma wynie\u015b\u0107 a\u017c <strong>354 miliony euro<\/strong> \u2013 co czyni projekt jednym z najwa\u017cniejszych motor\u00f3w wzrostu gospodarczego w p\u00f3\u0142nocnej cz\u0119\u015bci Monachium i regionie Freising.<\/p>\n\n\n\n<p>Dodatkowym atutem jest <strong>d\u0142ugofalowe partnerstwo z Live Nation<\/strong> \u2013 \u015bwiatowym liderem bran\u017cy koncertowej \u2013 kt\u00f3re zapewni dost\u0119p do najwi\u0119kszych \u015bwiatowych tras koncertowych i nazwisk.<\/p>\n\n\n\n<figure class=\"wp-block-image size-large\"><img decoding=\"async\" width=\"1024\" height=\"768\" src=\"https:\/\/www.propertyobserver.pl\/wp-content\/uploads\/2025\/05\/23-1024x768.jpg\" alt=\"\" class=\"wp-image-4194\" srcset=\"https:\/\/www.propertyobserver.pl\/wp-content\/uploads\/2025\/05\/23-1024x768.jpg 1024w, https:\/\/www.propertyobserver.pl\/wp-content\/uploads\/2025\/05\/23-300x225.jpg 300w, https:\/\/www.propertyobserver.pl\/wp-content\/uploads\/2025\/05\/23-768x576.jpg 768w, https:\/\/www.propertyobserver.pl\/wp-content\/uploads\/2025\/05\/23-332x249.jpg 332w, https:\/\/www.propertyobserver.pl\/wp-content\/uploads\/2025\/05\/23-664x498.jpg 664w, https:\/\/www.propertyobserver.pl\/wp-content\/uploads\/2025\/05\/23-688x516.jpg 688w, https:\/\/www.propertyobserver.pl\/wp-content\/uploads\/2025\/05\/23-1044x783.jpg 1044w, https:\/\/www.propertyobserver.pl\/wp-content\/uploads\/2025\/05\/23.jpg 1200w\" sizes=\"(max-width: 1024px) 100vw, 1024px\" \/><figcaption class=\"wp-element-caption\">Populous<\/figcaption><\/figure>\n\n\n\n<h3 class=\"wp-block-heading\">W stron\u0119 zr\u00f3wnowa\u017conej przysz\u0142o\u015bci<\/h3>\n\n\n\n<p>Munich Arena aspiruje do zdobycia presti\u017cowego <strong>z\u0142otego certyfikatu DGNB<\/strong> \u2013 najwy\u017cszego wyr\u00f3\u017cnienia przyznawanego przez Niemieck\u0105 Rad\u0119 Zr\u00f3wnowa\u017conego Budownictwa. Je\u015bli uda si\u0119 osi\u0105gn\u0105\u0107 ten cel, b\u0119dzie to <strong>pierwsza w Niemczech arena koncertowa z tak wysokim certyfikatem \u015brodowiskowym<\/strong>.<\/p>\n\n\n\n<p>Projekt zosta\u0142 opracowany w zgodzie z zasadami planowania opartego na ca\u0142ym cyklu \u017cycia budynku. Obejmuje to zar\u00f3wno redukcj\u0119 \u015bladu w\u0119glowego na etapie budowy, jak i zastosowanie d\u0142ugofalowych strategii eksploatacyjnych, kt\u00f3re zminimalizuj\u0105 zu\u017cycie energii i zasob\u00f3w naturalnych w trakcie funkcjonowania obiektu.<\/p>\n\n\n\n<h3 class=\"wp-block-heading\">Nowy standard europejskich aren<\/h3>\n\n\n\n<p>Munich Arena to co\u015b wi\u0119cej ni\u017c miejsce \u2013 to kompleksowa wizja nowej jako\u015bci w rozrywce na \u017cywo. To r\u00f3wnie\u017c przyk\u0142ad tego, jak innowacyjna architektura, szacunek do dziedzictwa kulturowego i odpowiedzialno\u015b\u0107 \u015brodowiskowa mog\u0105 wsp\u00f3\u0142istnie\u0107, tworz\u0105c unikatow\u0105 przestrze\u0144 dla ludzi i wydarze\u0144.<\/p>\n\n\n\n<p>Oddanie areny do u\u017cytku zaplanowane jest na nadchodz\u0105ce lata. Ju\u017c teraz wiadomo, \u017ce b\u0119dzie to <strong>jeden z najbardziej rozpoznawalnych i prze\u0142omowych projekt\u00f3w architektonicznych ostatniej dekady w Niemczech<\/strong> \u2013 miejsce, kt\u00f3re stanie si\u0119 obowi\u0105zkowym punktem na mapie fan\u00f3w muzyki i kultury z ca\u0142ego \u015bwiata.<\/p>\n","protected":false},"excerpt":{"rendered":"Nowa ikona bawarskiej sceny rozrywkowej ro\u015bnie w si\u0142\u0119 \u2013 pod Monachium powstaje Munich Arena, prze\u0142omowy obiekt koncertowy autorstwa Populous, kt\u00f3ry wyznaczy nowe standardy dla widowisk na \u017cywo w Europie.","protected":false},"author":3,"featured_media":4192,"comment_status":"open","ping_status":"open","sticky":false,"template":"","format":"standard","meta":{"csco_display_header_overlay":false,"csco_singular_sidebar":"","csco_page_header_type":"","csco_page_load_nextpost":"","csco_post_video_location":[],"csco_post_video_location_hash":"","csco_post_video_url":"","csco_post_video_bg_start_time":0,"csco_post_video_bg_end_time":0,"footnotes":""},"categories":[7],"tags":[34,85,60],"class_list":{"0":"post-4189","1":"post","2":"type-post","3":"status-publish","4":"format-standard","5":"has-post-thumbnail","7":"category-planynaprzyszlosc","8":"tag-europa","9":"tag-monachium","10":"tag-niemcy","11":"cs-entry","12":"cs-video-wrap"},"_links":{"self":[{"href":"https:\/\/www.propertyobserver.pl\/index.php\/wp-json\/wp\/v2\/posts\/4189"}],"collection":[{"href":"https:\/\/www.propertyobserver.pl\/index.php\/wp-json\/wp\/v2\/posts"}],"about":[{"href":"https:\/\/www.propertyobserver.pl\/index.php\/wp-json\/wp\/v2\/types\/post"}],"author":[{"embeddable":true,"href":"https:\/\/www.propertyobserver.pl\/index.php\/wp-json\/wp\/v2\/users\/3"}],"replies":[{"embeddable":true,"href":"https:\/\/www.propertyobserver.pl\/index.php\/wp-json\/wp\/v2\/comments?post=4189"}],"version-history":[{"count":1,"href":"https:\/\/www.propertyobserver.pl\/index.php\/wp-json\/wp\/v2\/posts\/4189\/revisions"}],"predecessor-version":[{"id":4195,"href":"https:\/\/www.propertyobserver.pl\/index.php\/wp-json\/wp\/v2\/posts\/4189\/revisions\/4195"}],"wp:featuredmedia":[{"embeddable":true,"href":"https:\/\/www.propertyobserver.pl\/index.php\/wp-json\/wp\/v2\/media\/4192"}],"wp:attachment":[{"href":"https:\/\/www.propertyobserver.pl\/index.php\/wp-json\/wp\/v2\/media?parent=4189"}],"wp:term":[{"taxonomy":"category","embeddable":true,"href":"https:\/\/www.propertyobserver.pl\/index.php\/wp-json\/wp\/v2\/categories?post=4189"},{"taxonomy":"post_tag","embeddable":true,"href":"https:\/\/www.propertyobserver.pl\/index.php\/wp-json\/wp\/v2\/tags?post=4189"}],"curies":[{"name":"wp","href":"https:\/\/api.w.org\/{rel}","templated":true}]}}