{"id":4536,"date":"2025-07-09T12:46:34","date_gmt":"2025-07-09T12:46:34","guid":{"rendered":"https:\/\/www.propertyobserver.pl\/?p=4536"},"modified":"2025-07-09T12:46:35","modified_gmt":"2025-07-09T12:46:35","slug":"gigantyczny-wiezowiec-o-wysokosci-400-metrow-ma-byc-najwyzszy-w-kraju","status":"publish","type":"post","link":"https:\/\/www.propertyobserver.pl\/index.php\/2025\/07\/09\/gigantyczny-wiezowiec-o-wysokosci-400-metrow-ma-byc-najwyzszy-w-kraju\/","title":{"rendered":"Gigantyczny wie\u017cowiec o wysoko\u015bci 400 metr\u00f3w. Ma by\u0107 najwy\u017cszy w kraju"},"content":{"rendered":"\n<p>Propozycja, opracowana przez biura <strong>BKK Architects<\/strong> oraz <strong>Cottee Parker<\/strong>, zak\u0142ada realizacj\u0119 pary supernowoczesnych wie\u017cowc\u00f3w, kt\u00f3re diametralnie zmieni\u0105 panoram\u0119 Southport \u2013 centralnej dzielnicy biznesowej na Gold Coast.<\/p>\n\n\n\n<h3 class=\"wp-block-heading\">Prawie 400 metr\u00f3w w g\u00f3r\u0119 \u2013 nowy rekord wysoko\u015bci<\/h3>\n\n\n\n<p>Zaprojektowany przez firm\u0119 <strong>Baracon z Melbourne<\/strong> we wsp\u00f3\u0142pracy z deweloperem <strong>Tony\u2019m Gossem<\/strong>, kompleks obejmuje dwa budynki: <strong>60-pi\u0119trowy wie\u017cowiec komercyjny<\/strong> oraz <strong>101-pi\u0119trowy wie\u017cowiec mieszkalny<\/strong>, kt\u00f3ry ma si\u0119gn\u0105\u0107 imponuj\u0105cej wysoko\u015bci <strong>ok. 400 metr\u00f3w<\/strong>. Oznacza\u0142oby to detronizacj\u0119 dotychczasowego rekordzisty \u2013 wie\u017cy <strong>Q1 Tower<\/strong> w Surfers Paradise \u2013 oraz przewy\u017cszenie planowanego 356-metrowego wie\u017cowca w Melbourne autorstwa <strong>UNStudio<\/strong> i <strong>Cox Architects<\/strong>.<\/p>\n\n\n\n<figure class=\"wp-block-image size-large\"><img fetchpriority=\"high\" decoding=\"async\" width=\"1024\" height=\"436\" src=\"https:\/\/www.propertyobserver.pl\/wp-content\/uploads\/2025\/07\/32-1024x436.jpg\" alt=\"\" class=\"wp-image-4539\" srcset=\"https:\/\/www.propertyobserver.pl\/wp-content\/uploads\/2025\/07\/32-1024x436.jpg 1024w, https:\/\/www.propertyobserver.pl\/wp-content\/uploads\/2025\/07\/32-300x128.jpg 300w, https:\/\/www.propertyobserver.pl\/wp-content\/uploads\/2025\/07\/32-768x327.jpg 768w, https:\/\/www.propertyobserver.pl\/wp-content\/uploads\/2025\/07\/32-1536x654.jpg 1536w, https:\/\/www.propertyobserver.pl\/wp-content\/uploads\/2025\/07\/32-2048x872.jpg 2048w, https:\/\/www.propertyobserver.pl\/wp-content\/uploads\/2025\/07\/32-332x141.jpg 332w, https:\/\/www.propertyobserver.pl\/wp-content\/uploads\/2025\/07\/32-664x283.jpg 664w, https:\/\/www.propertyobserver.pl\/wp-content\/uploads\/2025\/07\/32-688x293.jpg 688w, https:\/\/www.propertyobserver.pl\/wp-content\/uploads\/2025\/07\/32-1044x444.jpg 1044w, https:\/\/www.propertyobserver.pl\/wp-content\/uploads\/2025\/07\/32-1400x596.jpg 1400w, https:\/\/www.propertyobserver.pl\/wp-content\/uploads\/2025\/07\/32-1920x817.jpg 1920w, https:\/\/www.propertyobserver.pl\/wp-content\/uploads\/2025\/07\/32.jpg 2100w\" sizes=\"(max-width: 1024px) 100vw, 1024px\" \/><figcaption class=\"wp-element-caption\">Tony Goss<\/figcaption><\/figure>\n\n\n\n<p>Pierwotna koncepcja architektoniczna powsta\u0142a w pracowni <strong>BKK Architects<\/strong>, natomiast projekt wykonawczy i faza realizacyjna zosta\u0142y opracowane przez <strong>Cottee Parker<\/strong>. Obecnie projekt znajduje si\u0119 na etapie oceny planistycznej przez <strong>rad\u0119 miasta Gold Coast<\/strong>, cho\u0107 teren inwestycji \u2013 o powierzchni 1 507 m\u00b2 \u2013 posiada ju\u017c zgod\u0119 na realizacj\u0119 25-pi\u0119trowego budynku mieszkalnego.<\/p>\n\n\n\n<h3 class=\"wp-block-heading\">Funkcja, forma i przysz\u0142o\u015b\u0107 miasta<\/h3>\n\n\n\n<p>Jak podkre\u015bla <strong>Brett Rogers<\/strong>, dyrektor zarz\u0105dzaj\u0105cy Baracon, skala projektu odpowiada na realne potrzeby urbanistyczne regionu:<\/p>\n\n\n\n<blockquote class=\"wp-block-quote is-layout-flow wp-block-quote-is-layout-flow\">\n<p><em>\u201eTa inwestycja pomo\u017ce zaspokoi\u0107 rozpaczliw\u0105 potrzeb\u0119 wi\u0119kszej liczby mieszka\u0144 na Gold Coast i pobudzi szersz\u0105 dzia\u0142alno\u015b\u0107 gospodarcz\u0105. Wiemy, \u017ce sektor prywatny ma do odegrania kluczow\u0105 rol\u0119 w \u0142agodzeniu niedoboru mieszka\u0144 na Z\u0142otym Wybrze\u017cu i jeste\u015bmy dumni, \u017ce mo\u017cemy by\u0107 cz\u0119\u015bci\u0105 tego rozwi\u0105zania.\u201d<\/em><\/p>\n<\/blockquote>\n\n\n\n<figure class=\"wp-block-image size-large\"><img decoding=\"async\" width=\"1024\" height=\"767\" src=\"https:\/\/www.propertyobserver.pl\/wp-content\/uploads\/2025\/07\/33-1024x767.jpg\" alt=\"\" class=\"wp-image-4540\" srcset=\"https:\/\/www.propertyobserver.pl\/wp-content\/uploads\/2025\/07\/33-1024x767.jpg 1024w, https:\/\/www.propertyobserver.pl\/wp-content\/uploads\/2025\/07\/33-300x225.jpg 300w, https:\/\/www.propertyobserver.pl\/wp-content\/uploads\/2025\/07\/33-768x575.jpg 768w, https:\/\/www.propertyobserver.pl\/wp-content\/uploads\/2025\/07\/33-1536x1151.jpg 1536w, https:\/\/www.propertyobserver.pl\/wp-content\/uploads\/2025\/07\/33-2048x1534.jpg 2048w, https:\/\/www.propertyobserver.pl\/wp-content\/uploads\/2025\/07\/33-332x249.jpg 332w, https:\/\/www.propertyobserver.pl\/wp-content\/uploads\/2025\/07\/33-664x497.jpg 664w, https:\/\/www.propertyobserver.pl\/wp-content\/uploads\/2025\/07\/33-688x515.jpg 688w, https:\/\/www.propertyobserver.pl\/wp-content\/uploads\/2025\/07\/33-1044x782.jpg 1044w, https:\/\/www.propertyobserver.pl\/wp-content\/uploads\/2025\/07\/33-1400x1049.jpg 1400w, https:\/\/www.propertyobserver.pl\/wp-content\/uploads\/2025\/07\/33-1920x1438.jpg 1920w, https:\/\/www.propertyobserver.pl\/wp-content\/uploads\/2025\/07\/33.jpg 2100w\" sizes=\"(max-width: 1024px) 100vw, 1024px\" \/><figcaption class=\"wp-element-caption\">Tony Goss<\/figcaption><\/figure>\n\n\n\n<p>Kompleks b\u0119dzie mia\u0142 charakter <strong>wielofunkcyjny<\/strong>, \u0142\u0105cz\u0105c funkcje mieszkalne, komercyjne i us\u0142ugowe. W ni\u017cszej, komercyjnej wie\u017cy znajdzie si\u0119 <strong>ponad 11 500 m\u00b2 powierzchni biurowej<\/strong>, natomiast wy\u017csza z wie\u017c pomie\u015bci <strong>176 luksusowych apartament\u00f3w<\/strong>, zwie\u0144czonych spektakularnym <strong>trzypoziomowym penthouse\u2019em<\/strong> oraz <strong>dwoma sub-penthouse\u2019ami<\/strong>.<\/p>\n\n\n\n<figure class=\"wp-block-image size-large\"><img decoding=\"async\" width=\"1024\" height=\"436\" src=\"https:\/\/www.propertyobserver.pl\/wp-content\/uploads\/2025\/07\/34-1024x436.jpg\" alt=\"\" class=\"wp-image-4541\" srcset=\"https:\/\/www.propertyobserver.pl\/wp-content\/uploads\/2025\/07\/34-1024x436.jpg 1024w, https:\/\/www.propertyobserver.pl\/wp-content\/uploads\/2025\/07\/34-300x128.jpg 300w, https:\/\/www.propertyobserver.pl\/wp-content\/uploads\/2025\/07\/34-768x327.jpg 768w, https:\/\/www.propertyobserver.pl\/wp-content\/uploads\/2025\/07\/34-1536x654.jpg 1536w, https:\/\/www.propertyobserver.pl\/wp-content\/uploads\/2025\/07\/34-2048x872.jpg 2048w, https:\/\/www.propertyobserver.pl\/wp-content\/uploads\/2025\/07\/34-332x141.jpg 332w, https:\/\/www.propertyobserver.pl\/wp-content\/uploads\/2025\/07\/34-664x283.jpg 664w, https:\/\/www.propertyobserver.pl\/wp-content\/uploads\/2025\/07\/34-688x293.jpg 688w, https:\/\/www.propertyobserver.pl\/wp-content\/uploads\/2025\/07\/34-1044x444.jpg 1044w, https:\/\/www.propertyobserver.pl\/wp-content\/uploads\/2025\/07\/34-1400x596.jpg 1400w, https:\/\/www.propertyobserver.pl\/wp-content\/uploads\/2025\/07\/34-1920x817.jpg 1920w, https:\/\/www.propertyobserver.pl\/wp-content\/uploads\/2025\/07\/34.jpg 2100w\" sizes=\"(max-width: 1024px) 100vw, 1024px\" \/><figcaption class=\"wp-element-caption\">Tony Goss<\/figcaption><\/figure>\n\n\n\n<h3 class=\"wp-block-heading\">Innowacyjna forma i integracja z tkank\u0105 miejsk\u0105<\/h3>\n\n\n\n<p>Architektonicznie, projekt cechuje si\u0119 <strong>dynamiczn\u0105, zakrzywion\u0105 form\u0105<\/strong>, z licznymi tarasami i du\u017cymi przeszkleniami. Obie wie\u017ce zostan\u0105 <strong>po\u0142\u0105czone szklanym mostem<\/strong> na 22. kondygnacji, kt\u00f3ry zaoferuje panoramiczne widoki na miasto i ocean. U podstawy kompleksu powstanie <strong>trzykondygnacyjne podium<\/strong> o rze\u017abiarskiej formie, z du\u017cymi \u0142ukami otwieraj\u0105cymi si\u0119 na przestrze\u0144 publiczn\u0105. Pod ziemi\u0105 zaplanowano wsp\u00f3lny parking.<\/p>\n\n\n\n<p>Zgodnie z zapowiedziami dewelopera, mieszka\u0144cy skorzystaj\u0105 z <strong>udogodnie\u0144 w stylu kurortu<\/strong>, a sam kompleks ma oferowa\u0107 <strong>bezpo\u015bredni dost\u0119p do \u015brodk\u00f3w transportu publicznego<\/strong> oraz przestrzeni handlowych i us\u0142ugowych.<\/p>\n\n\n\n<figure class=\"wp-block-image size-large\"><img loading=\"lazy\" decoding=\"async\" width=\"1024\" height=\"436\" src=\"https:\/\/www.propertyobserver.pl\/wp-content\/uploads\/2025\/07\/35-1024x436.jpg\" alt=\"\" class=\"wp-image-4542\" srcset=\"https:\/\/www.propertyobserver.pl\/wp-content\/uploads\/2025\/07\/35-1024x436.jpg 1024w, https:\/\/www.propertyobserver.pl\/wp-content\/uploads\/2025\/07\/35-300x128.jpg 300w, https:\/\/www.propertyobserver.pl\/wp-content\/uploads\/2025\/07\/35-768x327.jpg 768w, https:\/\/www.propertyobserver.pl\/wp-content\/uploads\/2025\/07\/35-1536x654.jpg 1536w, https:\/\/www.propertyobserver.pl\/wp-content\/uploads\/2025\/07\/35-2048x872.jpg 2048w, https:\/\/www.propertyobserver.pl\/wp-content\/uploads\/2025\/07\/35-332x141.jpg 332w, https:\/\/www.propertyobserver.pl\/wp-content\/uploads\/2025\/07\/35-664x283.jpg 664w, https:\/\/www.propertyobserver.pl\/wp-content\/uploads\/2025\/07\/35-688x293.jpg 688w, https:\/\/www.propertyobserver.pl\/wp-content\/uploads\/2025\/07\/35-1044x444.jpg 1044w, https:\/\/www.propertyobserver.pl\/wp-content\/uploads\/2025\/07\/35-1400x596.jpg 1400w, https:\/\/www.propertyobserver.pl\/wp-content\/uploads\/2025\/07\/35-1920x817.jpg 1920w, https:\/\/www.propertyobserver.pl\/wp-content\/uploads\/2025\/07\/35.jpg 2100w\" sizes=\"(max-width: 1024px) 100vw, 1024px\" \/><figcaption class=\"wp-element-caption\">Tony Goss<\/figcaption><\/figure>\n\n\n\n<h3 class=\"wp-block-heading\">Poparcie lokalnych w\u0142adz<\/h3>\n\n\n\n<p>Projekt One Park Lane zyska\u0142 przychylno\u015b\u0107 lokalnych w\u0142adz. <strong>Brooke Patterson<\/strong>, radna okr\u0119gu Division 6, wyrazi\u0142a poparcie dla inwestycji, wskazuj\u0105c na jej potencja\u0142 do rewitalizacji Southport:<\/p>\n\n\n\n<blockquote class=\"wp-block-quote is-layout-flow wp-block-quote-is-layout-flow\">\n<p><em>\u201eTo dok\u0142adnie taki rodzaj katalitycznego rozwoju, jaki chcemy zobaczy\u0107 w Southport. Inwestycja przyci\u0105gnie nowych mieszka\u0144c\u00f3w, wysokiej jako\u015bci przestrze\u0144 handlow\u0105 i ekscytuj\u0105c\u0105 ofert\u0119 hotelarsk\u0105 do tego obszaru, pomagaj\u0105c aktywowa\u0107 Centraln\u0105 Dzielnic\u0119 Biznesow\u0105 i wspiera\u0107 lokalne firmy.\u201d<\/em><\/p>\n<\/blockquote>\n\n\n\n<h3 class=\"wp-block-heading\">One Park Lane na tle globalnych trend\u00f3w<\/h3>\n\n\n\n<p>Ambicje projektowe wpisuj\u0105 si\u0119 w globalny trend rosn\u0105cych metropolii i coraz bardziej spektakularnych realizacji wie\u017cowc\u00f3w. W ostatnich miesi\u0105cach \u015bwiat architektury \u015bledzi\u0142 m.in. post\u0119py prac przy 300-metrowym wie\u017cowcu <strong>One Bloor West<\/strong> w Toronto oraz nowym projekcie <strong>Foster + Partners<\/strong> w Shenzhen.<\/p>\n\n\n\n<p>Je\u015bli One Park Lane otrzyma zielone \u015bwiat\u0142o, stanie si\u0119 najwy\u017cszym budynkiem w Australii.<\/p>\n\n\n\n<p><\/p>\n","protected":false},"excerpt":{"rendered":"Z\u0142ote Wybrze\u017ce Australii mo\u017ce wkr\u00f3tce zyska\u0107 now\u0105 ikon\u0119 architektoniczn\u0105 \u2013 je\u015bli ambitny projekt One Park Lane dojdzie do skutku, stanie si\u0119 najwy\u017cszym budynkiem w kraju","protected":false},"author":1,"featured_media":4538,"comment_status":"open","ping_status":"open","sticky":false,"template":"","format":"standard","meta":{"csco_display_header_overlay":false,"csco_singular_sidebar":"","csco_page_header_type":"","csco_page_load_nextpost":"","csco_post_video_location":[],"csco_post_video_location_hash":"","csco_post_video_url":"","csco_post_video_bg_start_time":0,"csco_post_video_bg_end_time":0,"footnotes":""},"categories":[7,1],"tags":[64,29],"class_list":{"0":"post-4536","1":"post","2":"type-post","3":"status-publish","4":"format-standard","5":"has-post-thumbnail","7":"category-planynaprzyszlosc","8":"category-wiezowce","9":"tag-australia","10":"tag-top10","11":"cs-entry","12":"cs-video-wrap"},"_links":{"self":[{"href":"https:\/\/www.propertyobserver.pl\/index.php\/wp-json\/wp\/v2\/posts\/4536"}],"collection":[{"href":"https:\/\/www.propertyobserver.pl\/index.php\/wp-json\/wp\/v2\/posts"}],"about":[{"href":"https:\/\/www.propertyobserver.pl\/index.php\/wp-json\/wp\/v2\/types\/post"}],"author":[{"embeddable":true,"href":"https:\/\/www.propertyobserver.pl\/index.php\/wp-json\/wp\/v2\/users\/1"}],"replies":[{"embeddable":true,"href":"https:\/\/www.propertyobserver.pl\/index.php\/wp-json\/wp\/v2\/comments?post=4536"}],"version-history":[{"count":1,"href":"https:\/\/www.propertyobserver.pl\/index.php\/wp-json\/wp\/v2\/posts\/4536\/revisions"}],"predecessor-version":[{"id":4543,"href":"https:\/\/www.propertyobserver.pl\/index.php\/wp-json\/wp\/v2\/posts\/4536\/revisions\/4543"}],"wp:featuredmedia":[{"embeddable":true,"href":"https:\/\/www.propertyobserver.pl\/index.php\/wp-json\/wp\/v2\/media\/4538"}],"wp:attachment":[{"href":"https:\/\/www.propertyobserver.pl\/index.php\/wp-json\/wp\/v2\/media?parent=4536"}],"wp:term":[{"taxonomy":"category","embeddable":true,"href":"https:\/\/www.propertyobserver.pl\/index.php\/wp-json\/wp\/v2\/categories?post=4536"},{"taxonomy":"post_tag","embeddable":true,"href":"https:\/\/www.propertyobserver.pl\/index.php\/wp-json\/wp\/v2\/tags?post=4536"}],"curies":[{"name":"wp","href":"https:\/\/api.w.org\/{rel}","templated":true}]}}