{"id":4643,"date":"2025-07-23T07:13:02","date_gmt":"2025-07-23T07:13:02","guid":{"rendered":"https:\/\/www.propertyobserver.pl\/?p=4643"},"modified":"2025-07-23T07:13:02","modified_gmt":"2025-07-23T07:13:02","slug":"benfica-rozbudowuje-swoj-stadion-co-zyska-estadio-da-luz","status":"publish","type":"post","link":"https:\/\/www.propertyobserver.pl\/index.php\/2025\/07\/23\/benfica-rozbudowuje-swoj-stadion-co-zyska-estadio-da-luz\/","title":{"rendered":"Benfica rozbudowuje sw\u00f3j stadion. Co zyska Est\u00e1dio da Luz?"},"content":{"rendered":"\n<p>W ramach inwestycji powstanie nowa elewacja zintegrowana z dynamicznym o\u015bwietleniem LED, kt\u00f3re b\u0119dzie mo\u017cna dowolnie programowa\u0107 na potrzeby wydarze\u0144 sportowych, koncert\u00f3w czy innych imprez masowych. Zewn\u0119trzna warstwa konstrukcji zosta\u0142a zaprojektowana tak, by zapewni\u0107 ochron\u0119 przed \u015bwiat\u0142em i ciep\u0142em, przy jednoczesnym zachowaniu charakterystycznych kratownic dachowych stadionu.<\/p>\n\n\n\n<figure class=\"wp-block-image size-large\"><img fetchpriority=\"high\" decoding=\"async\" width=\"1024\" height=\"576\" src=\"https:\/\/www.propertyobserver.pl\/wp-content\/uploads\/2025\/07\/10-2-1024x576.jpg\" alt=\"\" class=\"wp-image-4645\" srcset=\"https:\/\/www.propertyobserver.pl\/wp-content\/uploads\/2025\/07\/10-2-1024x576.jpg 1024w, https:\/\/www.propertyobserver.pl\/wp-content\/uploads\/2025\/07\/10-2-300x169.jpg 300w, https:\/\/www.propertyobserver.pl\/wp-content\/uploads\/2025\/07\/10-2-768x432.jpg 768w, https:\/\/www.propertyobserver.pl\/wp-content\/uploads\/2025\/07\/10-2-1536x864.jpg 1536w, https:\/\/www.propertyobserver.pl\/wp-content\/uploads\/2025\/07\/10-2-2048x1152.jpg 2048w, https:\/\/www.propertyobserver.pl\/wp-content\/uploads\/2025\/07\/10-2-332x187.jpg 332w, https:\/\/www.propertyobserver.pl\/wp-content\/uploads\/2025\/07\/10-2-664x373.jpg 664w, https:\/\/www.propertyobserver.pl\/wp-content\/uploads\/2025\/07\/10-2-688x387.jpg 688w, https:\/\/www.propertyobserver.pl\/wp-content\/uploads\/2025\/07\/10-2-1376x774.jpg 1376w, https:\/\/www.propertyobserver.pl\/wp-content\/uploads\/2025\/07\/10-2-1044x587.jpg 1044w, https:\/\/www.propertyobserver.pl\/wp-content\/uploads\/2025\/07\/10-2-2088x1174.jpg 2088w, https:\/\/www.propertyobserver.pl\/wp-content\/uploads\/2025\/07\/10-2-1400x787.jpg 1400w, https:\/\/www.propertyobserver.pl\/wp-content\/uploads\/2025\/07\/10-2-1920x1080.jpg 1920w, https:\/\/www.propertyobserver.pl\/wp-content\/uploads\/2025\/07\/10-2.jpg 2100w\" sizes=\"(max-width: 1024px) 100vw, 1024px\" \/><figcaption class=\"wp-element-caption\">Populous <\/figcaption><\/figure>\n\n\n\n<p>Plan rozbudowy zak\u0142ada <strong>dobudowanie czwartej kondygnacji poza trybunami<\/strong>, kt\u00f3ra dostarczy dodatkowych 6800 m\u00b2 powierzchni u\u017cytkowej. Przestrze\u0144 ta zostanie przeznaczona na cele biurowe, handlowe oraz gastronomiczne, znacz\u0105co zwi\u0119kszaj\u0105c funkcjonalno\u015b\u0107 stadionu w dni powszednie.<\/p>\n\n\n\n<figure class=\"wp-block-image size-large\"><img decoding=\"async\" width=\"1024\" height=\"576\" src=\"https:\/\/www.propertyobserver.pl\/wp-content\/uploads\/2025\/07\/14-1024x576.jpg\" alt=\"\" class=\"wp-image-4649\" srcset=\"https:\/\/www.propertyobserver.pl\/wp-content\/uploads\/2025\/07\/14-1024x576.jpg 1024w, https:\/\/www.propertyobserver.pl\/wp-content\/uploads\/2025\/07\/14-300x169.jpg 300w, https:\/\/www.propertyobserver.pl\/wp-content\/uploads\/2025\/07\/14-768x432.jpg 768w, https:\/\/www.propertyobserver.pl\/wp-content\/uploads\/2025\/07\/14-1536x864.jpg 1536w, https:\/\/www.propertyobserver.pl\/wp-content\/uploads\/2025\/07\/14-2048x1152.jpg 2048w, https:\/\/www.propertyobserver.pl\/wp-content\/uploads\/2025\/07\/14-332x187.jpg 332w, https:\/\/www.propertyobserver.pl\/wp-content\/uploads\/2025\/07\/14-664x373.jpg 664w, https:\/\/www.propertyobserver.pl\/wp-content\/uploads\/2025\/07\/14-688x387.jpg 688w, https:\/\/www.propertyobserver.pl\/wp-content\/uploads\/2025\/07\/14-1376x774.jpg 1376w, https:\/\/www.propertyobserver.pl\/wp-content\/uploads\/2025\/07\/14-1044x587.jpg 1044w, https:\/\/www.propertyobserver.pl\/wp-content\/uploads\/2025\/07\/14-2088x1174.jpg 2088w, https:\/\/www.propertyobserver.pl\/wp-content\/uploads\/2025\/07\/14-1400x787.jpg 1400w, https:\/\/www.propertyobserver.pl\/wp-content\/uploads\/2025\/07\/14-1920x1080.jpg 1920w, https:\/\/www.propertyobserver.pl\/wp-content\/uploads\/2025\/07\/14.jpg 2100w\" sizes=\"(max-width: 1024px) 100vw, 1024px\" \/><figcaption class=\"wp-element-caption\">Populous <\/figcaption><\/figure>\n\n\n\n<p>W bezpo\u015brednim s\u0105siedztwie stadionu pojawi si\u0119 <strong>nowoczesna hala widowiskowa mieszcz\u0105ca 10 000 os\u00f3b<\/strong>, basen o wymiarach 25 \u00d7 25 metr\u00f3w, teatr oraz przestrze\u0144 eventowa mog\u0105ca obs\u0142u\u017cy\u0107 do 500 uczestnik\u00f3w. Dodatkowo zaprojektowano dwie hale sportowe przeznaczone do gier zespo\u0142owych i sport\u00f3w indywidualnych, z trybunami odpowiednio dla 2500 i 1500 widz\u00f3w. Obiekty te zast\u0105pi\u0105 dotychczasowe pawilony i p\u0142ywalni\u0119.<\/p>\n\n\n\n<figure class=\"wp-block-image size-large\"><img decoding=\"async\" width=\"1024\" height=\"576\" src=\"https:\/\/www.propertyobserver.pl\/wp-content\/uploads\/2025\/07\/13-1024x576.jpg\" alt=\"\" class=\"wp-image-4648\" srcset=\"https:\/\/www.propertyobserver.pl\/wp-content\/uploads\/2025\/07\/13-1024x576.jpg 1024w, https:\/\/www.propertyobserver.pl\/wp-content\/uploads\/2025\/07\/13-300x169.jpg 300w, https:\/\/www.propertyobserver.pl\/wp-content\/uploads\/2025\/07\/13-768x432.jpg 768w, https:\/\/www.propertyobserver.pl\/wp-content\/uploads\/2025\/07\/13-1536x864.jpg 1536w, https:\/\/www.propertyobserver.pl\/wp-content\/uploads\/2025\/07\/13-2048x1152.jpg 2048w, https:\/\/www.propertyobserver.pl\/wp-content\/uploads\/2025\/07\/13-332x187.jpg 332w, https:\/\/www.propertyobserver.pl\/wp-content\/uploads\/2025\/07\/13-664x373.jpg 664w, https:\/\/www.propertyobserver.pl\/wp-content\/uploads\/2025\/07\/13-688x387.jpg 688w, https:\/\/www.propertyobserver.pl\/wp-content\/uploads\/2025\/07\/13-1376x774.jpg 1376w, https:\/\/www.propertyobserver.pl\/wp-content\/uploads\/2025\/07\/13-1044x587.jpg 1044w, https:\/\/www.propertyobserver.pl\/wp-content\/uploads\/2025\/07\/13-2088x1174.jpg 2088w, https:\/\/www.propertyobserver.pl\/wp-content\/uploads\/2025\/07\/13-1400x787.jpg 1400w, https:\/\/www.propertyobserver.pl\/wp-content\/uploads\/2025\/07\/13-1920x1080.jpg 1920w, https:\/\/www.propertyobserver.pl\/wp-content\/uploads\/2025\/07\/13.jpg 2100w\" sizes=\"(max-width: 1024px) 100vw, 1024px\" \/><figcaption class=\"wp-element-caption\">Populous <\/figcaption><\/figure>\n\n\n\n<p>W\u015br\u00f3d innowacyjnych element\u00f3w projektu znalaz\u0142o si\u0119 r\u00f3wnie\u017c zewn\u0119trzne boisko pi\u0142karskie zlokalizowane na dachu oraz bie\u017cnia, a tak\u017ce nowe budynki o charakterze mieszkalno-us\u0142ugowym. Projektanci zadbali o aspekty zr\u00f3wnowa\u017conego rozwoju, przewiduj\u0105c m.in. instalacje fotowoltaiczne, zielone dachy, systemy odzyskiwania wody deszczowej oraz rozwi\u0105zania wspieraj\u0105ce lokaln\u0105 bior\u00f3\u017cnorodno\u015b\u0107.<\/p>\n\n\n\n<figure class=\"wp-block-image size-large\"><img loading=\"lazy\" decoding=\"async\" width=\"1024\" height=\"576\" src=\"https:\/\/www.propertyobserver.pl\/wp-content\/uploads\/2025\/07\/12-1-1024x576.jpg\" alt=\"\" class=\"wp-image-4647\" srcset=\"https:\/\/www.propertyobserver.pl\/wp-content\/uploads\/2025\/07\/12-1-1024x576.jpg 1024w, https:\/\/www.propertyobserver.pl\/wp-content\/uploads\/2025\/07\/12-1-300x169.jpg 300w, https:\/\/www.propertyobserver.pl\/wp-content\/uploads\/2025\/07\/12-1-768x432.jpg 768w, https:\/\/www.propertyobserver.pl\/wp-content\/uploads\/2025\/07\/12-1-1536x864.jpg 1536w, https:\/\/www.propertyobserver.pl\/wp-content\/uploads\/2025\/07\/12-1-2048x1152.jpg 2048w, https:\/\/www.propertyobserver.pl\/wp-content\/uploads\/2025\/07\/12-1-332x187.jpg 332w, https:\/\/www.propertyobserver.pl\/wp-content\/uploads\/2025\/07\/12-1-664x373.jpg 664w, https:\/\/www.propertyobserver.pl\/wp-content\/uploads\/2025\/07\/12-1-688x387.jpg 688w, https:\/\/www.propertyobserver.pl\/wp-content\/uploads\/2025\/07\/12-1-1376x774.jpg 1376w, https:\/\/www.propertyobserver.pl\/wp-content\/uploads\/2025\/07\/12-1-1044x587.jpg 1044w, https:\/\/www.propertyobserver.pl\/wp-content\/uploads\/2025\/07\/12-1-2088x1174.jpg 2088w, https:\/\/www.propertyobserver.pl\/wp-content\/uploads\/2025\/07\/12-1-1400x787.jpg 1400w, https:\/\/www.propertyobserver.pl\/wp-content\/uploads\/2025\/07\/12-1-1920x1080.jpg 1920w, https:\/\/www.propertyobserver.pl\/wp-content\/uploads\/2025\/07\/12-1.jpg 2100w\" sizes=\"(max-width: 1024px) 100vw, 1024px\" \/><figcaption class=\"wp-element-caption\">Populous <\/figcaption><\/figure>\n\n\n\n<p>Przed stadionem powstanie reprezentacyjna<strong> strefa kibica o wymiarach 100 \u00d7 40 metr\u00f3w,<\/strong> wzorowana na tradycyjnych placach miejskich Lizbony. Przewidziano tam miejsce dla DJ-a oraz scen\u0119, umo\u017cliwiaj\u0105c\u0105 organizacj\u0119 wydarze\u0144 na ponad 10 000 uczestnik\u00f3w. Kultowy pomnik Eus\u00e9bio zostanie przeniesiony do g\u0142\u00f3wnego wej\u015bcia, podkre\u015blaj\u0105c znaczenie historii klubu w nowej przestrzeni publicznej.<\/p>\n\n\n\n<p>Projekt <strong>Populous <\/strong>ma na celu stworzenie nowoczesnego kompleksu sportowo-kulturalnego, kt\u00f3ry dor\u00f3wna takim obiektom jak Wembley czy Etihad Stadium, oferuj\u0105c funkcjonalno\u015b\u0107 przez ca\u0142y rok i podnosz\u0105c standardy infrastruktury sportowej w Portugalii.<\/p>\n\n\n\n<figure class=\"wp-block-image size-large\"><img loading=\"lazy\" decoding=\"async\" width=\"1024\" height=\"576\" src=\"https:\/\/www.propertyobserver.pl\/wp-content\/uploads\/2025\/07\/11-1-1024x576.jpg\" alt=\"\" class=\"wp-image-4646\" srcset=\"https:\/\/www.propertyobserver.pl\/wp-content\/uploads\/2025\/07\/11-1-1024x576.jpg 1024w, https:\/\/www.propertyobserver.pl\/wp-content\/uploads\/2025\/07\/11-1-300x169.jpg 300w, https:\/\/www.propertyobserver.pl\/wp-content\/uploads\/2025\/07\/11-1-768x432.jpg 768w, https:\/\/www.propertyobserver.pl\/wp-content\/uploads\/2025\/07\/11-1-1536x864.jpg 1536w, https:\/\/www.propertyobserver.pl\/wp-content\/uploads\/2025\/07\/11-1-2048x1152.jpg 2048w, https:\/\/www.propertyobserver.pl\/wp-content\/uploads\/2025\/07\/11-1-332x187.jpg 332w, https:\/\/www.propertyobserver.pl\/wp-content\/uploads\/2025\/07\/11-1-664x373.jpg 664w, https:\/\/www.propertyobserver.pl\/wp-content\/uploads\/2025\/07\/11-1-688x387.jpg 688w, https:\/\/www.propertyobserver.pl\/wp-content\/uploads\/2025\/07\/11-1-1376x774.jpg 1376w, https:\/\/www.propertyobserver.pl\/wp-content\/uploads\/2025\/07\/11-1-1044x587.jpg 1044w, https:\/\/www.propertyobserver.pl\/wp-content\/uploads\/2025\/07\/11-1-2088x1174.jpg 2088w, https:\/\/www.propertyobserver.pl\/wp-content\/uploads\/2025\/07\/11-1-1400x787.jpg 1400w, https:\/\/www.propertyobserver.pl\/wp-content\/uploads\/2025\/07\/11-1-1920x1080.jpg 1920w, https:\/\/www.propertyobserver.pl\/wp-content\/uploads\/2025\/07\/11-1.jpg 2100w\" sizes=\"(max-width: 1024px) 100vw, 1024px\" \/><figcaption class=\"wp-element-caption\">Populous <\/figcaption><\/figure>\n","protected":false},"excerpt":{"rendered":"Mi\u0119dzynarodowe studio architektoniczne Populous, we wsp\u00f3\u0142pracy z portugalsk\u0105 pracowni\u0105 Saraiva + Associados, opracowa\u0142o koncepcj\u0119 rozbudowy i modernizacji stadionu Est\u00e1dio da Luz w Lizbonie, nale\u017c\u0105cego do klubu SL Benfica. Projekt przewiduje zar\u00f3wno unowocze\u015bnienie obecnych obiekt\u00f3w, jak i stworzenie nowych przestrzeni o r\u00f3\u017cnorodnym przeznaczeniu.","protected":false},"author":2,"featured_media":4647,"comment_status":"open","ping_status":"open","sticky":false,"template":"","format":"standard","meta":{"csco_display_header_overlay":false,"csco_singular_sidebar":"","csco_page_header_type":"","csco_page_load_nextpost":"","csco_post_video_location":[],"csco_post_video_location_hash":"","csco_post_video_url":"","csco_post_video_bg_start_time":0,"csco_post_video_bg_end_time":0,"footnotes":""},"categories":[7],"tags":[34,133,132],"class_list":{"0":"post-4643","1":"post","2":"type-post","3":"status-publish","4":"format-standard","5":"has-post-thumbnail","7":"category-planynaprzyszlosc","8":"tag-europa","9":"tag-lizbona","10":"tag-portugalia","11":"cs-entry","12":"cs-video-wrap"},"_links":{"self":[{"href":"https:\/\/www.propertyobserver.pl\/index.php\/wp-json\/wp\/v2\/posts\/4643"}],"collection":[{"href":"https:\/\/www.propertyobserver.pl\/index.php\/wp-json\/wp\/v2\/posts"}],"about":[{"href":"https:\/\/www.propertyobserver.pl\/index.php\/wp-json\/wp\/v2\/types\/post"}],"author":[{"embeddable":true,"href":"https:\/\/www.propertyobserver.pl\/index.php\/wp-json\/wp\/v2\/users\/2"}],"replies":[{"embeddable":true,"href":"https:\/\/www.propertyobserver.pl\/index.php\/wp-json\/wp\/v2\/comments?post=4643"}],"version-history":[{"count":1,"href":"https:\/\/www.propertyobserver.pl\/index.php\/wp-json\/wp\/v2\/posts\/4643\/revisions"}],"predecessor-version":[{"id":4650,"href":"https:\/\/www.propertyobserver.pl\/index.php\/wp-json\/wp\/v2\/posts\/4643\/revisions\/4650"}],"wp:featuredmedia":[{"embeddable":true,"href":"https:\/\/www.propertyobserver.pl\/index.php\/wp-json\/wp\/v2\/media\/4647"}],"wp:attachment":[{"href":"https:\/\/www.propertyobserver.pl\/index.php\/wp-json\/wp\/v2\/media?parent=4643"}],"wp:term":[{"taxonomy":"category","embeddable":true,"href":"https:\/\/www.propertyobserver.pl\/index.php\/wp-json\/wp\/v2\/categories?post=4643"},{"taxonomy":"post_tag","embeddable":true,"href":"https:\/\/www.propertyobserver.pl\/index.php\/wp-json\/wp\/v2\/tags?post=4643"}],"curies":[{"name":"wp","href":"https:\/\/api.w.org\/{rel}","templated":true}]}}