{"id":4772,"date":"2025-08-14T12:12:03","date_gmt":"2025-08-14T12:12:03","guid":{"rendered":"https:\/\/www.propertyobserver.pl\/?p=4772"},"modified":"2025-08-14T12:12:04","modified_gmt":"2025-08-14T12:12:04","slug":"pierwszy-handwritten-collection-na-wegrzech-otwarcie-jeszcze-w-tym-roku","status":"publish","type":"post","link":"https:\/\/www.propertyobserver.pl\/index.php\/2025\/08\/14\/pierwszy-handwritten-collection-na-wegrzech-otwarcie-jeszcze-w-tym-roku\/","title":{"rendered":"Pierwszy Handwritten Collection na W\u0119grzech &#8211; otwarcie jeszcze w tym roku"},"content":{"rendered":"\n<p>Zlokalizowany w drugim najwi\u0119kszym mie\u015bcie kraju, hotel ma oferowa\u0107 atmosfer\u0119 bliskiego kontaktu mi\u0119dzy go\u015b\u0107mi a gospodarzami, \u0142\u0105cz\u0105c komfort z indywidualnym charakterem. Projekt wn\u0119trz inspirowany jest sztuk\u0105 &#8211; bezpo\u015brednie s\u0105siedztwo <strong>Centrum Sztuki Wsp\u00f3\u0142czesnej MODEM oraz po\u0142\u0105czenie z Centrum K\u00f6lcsego<\/strong>, najwi\u0119kszym obiektem konferencyjnym we wschodnich W\u0119grzech, wzmacniaj\u0105 ten artystyczny kontekst.<\/p>\n\n\n\n<figure class=\"wp-block-image size-large\"><img fetchpriority=\"high\" decoding=\"async\" width=\"1024\" height=\"699\" src=\"https:\/\/www.propertyobserver.pl\/wp-content\/uploads\/2025\/08\/70-1024x699.jpg\" alt=\"\" class=\"wp-image-4774\" srcset=\"https:\/\/www.propertyobserver.pl\/wp-content\/uploads\/2025\/08\/70-1024x699.jpg 1024w, https:\/\/www.propertyobserver.pl\/wp-content\/uploads\/2025\/08\/70-300x205.jpg 300w, https:\/\/www.propertyobserver.pl\/wp-content\/uploads\/2025\/08\/70-768x524.jpg 768w, https:\/\/www.propertyobserver.pl\/wp-content\/uploads\/2025\/08\/70-1536x1048.jpg 1536w, https:\/\/www.propertyobserver.pl\/wp-content\/uploads\/2025\/08\/70-2048x1398.jpg 2048w, https:\/\/www.propertyobserver.pl\/wp-content\/uploads\/2025\/08\/70-332x227.jpg 332w, https:\/\/www.propertyobserver.pl\/wp-content\/uploads\/2025\/08\/70-664x453.jpg 664w, https:\/\/www.propertyobserver.pl\/wp-content\/uploads\/2025\/08\/70-688x470.jpg 688w, https:\/\/www.propertyobserver.pl\/wp-content\/uploads\/2025\/08\/70-1044x713.jpg 1044w, https:\/\/www.propertyobserver.pl\/wp-content\/uploads\/2025\/08\/70-1400x955.jpg 1400w, https:\/\/www.propertyobserver.pl\/wp-content\/uploads\/2025\/08\/70-1920x1310.jpg 1920w, https:\/\/www.propertyobserver.pl\/wp-content\/uploads\/2025\/08\/70.jpg 2381w\" sizes=\"(max-width: 1024px) 100vw, 1024px\" \/><\/figure>\n\n\n\n<p>Design obiektu nawi\u0105zuje do prywatnej galerii &#8211; w przestrzeniach wsp\u00f3lnych znalaz\u0142y si\u0119 m.in. dekoracje przypominaj\u0105ce klasyczne kolumny, rze\u017abiarska instalacja w lobby i weneckie lustro odwo\u0142uj\u0105ce si\u0119 do dzie\u0142a Jana van Eycka.<\/p>\n\n\n\n<p>Go\u015bcie b\u0119d\u0105 mieli do dyspozycji <strong>88 pokoi oraz cztery apartamenty<\/strong>, a tak\u017ce restauracj\u0119 i bar. Utrzymane w ciep\u0142ej palecie barw i wykonane z przyjemnych w dotyku materia\u0142\u00f3w wn\u0119trza \u0142\u0105cz\u0105 nowoczesn\u0105 funkcjonalno\u015b\u0107 z ponadczasow\u0105 estetyk\u0105. Dodatkowym wyr\u00f3\u017cnikiem ma by\u0107 zapach stworzony specjalnie dla hotelu, z nutami cytrus\u00f3w, cedru, kadzid\u0142a i sk\u00f3rki cytrynowej.<\/p>\n\n\n\n<figure class=\"wp-block-image size-large\"><img decoding=\"async\" width=\"1024\" height=\"826\" src=\"https:\/\/www.propertyobserver.pl\/wp-content\/uploads\/2025\/08\/73-1024x826.jpg\" alt=\"\" class=\"wp-image-4776\" srcset=\"https:\/\/www.propertyobserver.pl\/wp-content\/uploads\/2025\/08\/73-1024x826.jpg 1024w, https:\/\/www.propertyobserver.pl\/wp-content\/uploads\/2025\/08\/73-300x242.jpg 300w, https:\/\/www.propertyobserver.pl\/wp-content\/uploads\/2025\/08\/73-768x619.jpg 768w, https:\/\/www.propertyobserver.pl\/wp-content\/uploads\/2025\/08\/73-1536x1238.jpg 1536w, https:\/\/www.propertyobserver.pl\/wp-content\/uploads\/2025\/08\/73-2048x1651.jpg 2048w, https:\/\/www.propertyobserver.pl\/wp-content\/uploads\/2025\/08\/73-332x268.jpg 332w, https:\/\/www.propertyobserver.pl\/wp-content\/uploads\/2025\/08\/73-664x535.jpg 664w, https:\/\/www.propertyobserver.pl\/wp-content\/uploads\/2025\/08\/73-688x555.jpg 688w, https:\/\/www.propertyobserver.pl\/wp-content\/uploads\/2025\/08\/73-1044x842.jpg 1044w, https:\/\/www.propertyobserver.pl\/wp-content\/uploads\/2025\/08\/73-1400x1129.jpg 1400w, https:\/\/www.propertyobserver.pl\/wp-content\/uploads\/2025\/08\/73-1920x1548.jpg 1920w, https:\/\/www.propertyobserver.pl\/wp-content\/uploads\/2025\/08\/73.jpg 2064w\" sizes=\"(max-width: 1024px) 100vw, 1024px\" \/><\/figure>\n\n\n\n<p><strong>Handwritten Collection<\/strong> liczy obecnie ponad 20 obiekt\u00f3w na ca\u0142ym \u015bwiecie, w tym m.in. w Krakowie, Pary\u017cu i San Francisco.<\/p>\n","protected":false},"excerpt":{"rendered":"Marka Handwritten Collection, nale\u017c\u0105ca do sieci Accor i znana z butikowego podej\u015bcia do go\u015bcinno\u015bci, rozszerza swoj\u0105 obecno\u015b\u0107 w Europie \u015arodkowo-Wschodniej. Po sukcesach w regionie, tej jesieni otworzy sw\u00f3j pierwszy obiekt na W\u0119grzech &#8211; Hotel Lycium Debrecen.","protected":false},"author":3,"featured_media":4775,"comment_status":"open","ping_status":"open","sticky":false,"template":"","format":"standard","meta":{"csco_display_header_overlay":false,"csco_singular_sidebar":"","csco_page_header_type":"","csco_page_load_nextpost":"","csco_post_video_location":[],"csco_post_video_location_hash":"","csco_post_video_url":"","csco_post_video_bg_start_time":0,"csco_post_video_bg_end_time":0,"footnotes":""},"categories":[9],"tags":[139,34,138],"class_list":{"0":"post-4772","1":"post","2":"type-post","3":"status-publish","4":"format-standard","5":"has-post-thumbnail","7":"category-ukonczone","8":"tag-debreczyn","9":"tag-europa","10":"tag-wegry","11":"cs-entry","12":"cs-video-wrap"},"_links":{"self":[{"href":"https:\/\/www.propertyobserver.pl\/index.php\/wp-json\/wp\/v2\/posts\/4772"}],"collection":[{"href":"https:\/\/www.propertyobserver.pl\/index.php\/wp-json\/wp\/v2\/posts"}],"about":[{"href":"https:\/\/www.propertyobserver.pl\/index.php\/wp-json\/wp\/v2\/types\/post"}],"author":[{"embeddable":true,"href":"https:\/\/www.propertyobserver.pl\/index.php\/wp-json\/wp\/v2\/users\/3"}],"replies":[{"embeddable":true,"href":"https:\/\/www.propertyobserver.pl\/index.php\/wp-json\/wp\/v2\/comments?post=4772"}],"version-history":[{"count":1,"href":"https:\/\/www.propertyobserver.pl\/index.php\/wp-json\/wp\/v2\/posts\/4772\/revisions"}],"predecessor-version":[{"id":4777,"href":"https:\/\/www.propertyobserver.pl\/index.php\/wp-json\/wp\/v2\/posts\/4772\/revisions\/4777"}],"wp:featuredmedia":[{"embeddable":true,"href":"https:\/\/www.propertyobserver.pl\/index.php\/wp-json\/wp\/v2\/media\/4775"}],"wp:attachment":[{"href":"https:\/\/www.propertyobserver.pl\/index.php\/wp-json\/wp\/v2\/media?parent=4772"}],"wp:term":[{"taxonomy":"category","embeddable":true,"href":"https:\/\/www.propertyobserver.pl\/index.php\/wp-json\/wp\/v2\/categories?post=4772"},{"taxonomy":"post_tag","embeddable":true,"href":"https:\/\/www.propertyobserver.pl\/index.php\/wp-json\/wp\/v2\/tags?post=4772"}],"curies":[{"name":"wp","href":"https:\/\/api.w.org\/{rel}","templated":true}]}}