{"id":5163,"date":"2025-10-08T12:06:45","date_gmt":"2025-10-08T12:06:45","guid":{"rendered":"https:\/\/www.propertyobserver.pl\/?p=5163"},"modified":"2025-10-08T12:06:45","modified_gmt":"2025-10-08T12:06:45","slug":"nowy-symbol-belgradu-zaha-hadid-architects-zaprojektuje-wieze-alta-tower","status":"publish","type":"post","link":"https:\/\/www.propertyobserver.pl\/index.php\/2025\/10\/08\/nowy-symbol-belgradu-zaha-hadid-architects-zaprojektuje-wieze-alta-tower\/","title":{"rendered":"Nowy symbol Belgradu. Zaha Hadid Architects zaprojektuje wie\u017c\u0119 Alta Tower"},"content":{"rendered":"\n<p>Wielofunkcyjny wie\u017cowiec powstanie w <strong>Bloku 32<\/strong>, w bezpo\u015brednim s\u0105siedztwie centrum handlowego <strong>Merkator<\/strong> i promenady <strong>U\u0161\u0107e Park<\/strong>. Budynek po\u0142\u0105czy w sobie przestrzenie biurowe, apartamenty mieszkalne oraz lokale us\u0142ugowe, tworz\u0105c sp\u00f3jn\u0105, dynamiczn\u0105 struktur\u0119 miejsk\u0105. Dolne kondygnacje zajm\u0105 biura banku i przestrzenie komercyjne na wynajem, natomiast wy\u017csze pi\u0119tra zostan\u0105 przeznaczone na mieszkania z panoramicznym widokiem na dolin\u0119 Dunaju i historyczne Stare Miasto.<\/p>\n\n\n\n<figure class=\"wp-block-image size-large\"><img fetchpriority=\"high\" decoding=\"async\" width=\"883\" height=\"1024\" src=\"https:\/\/www.propertyobserver.pl\/wp-content\/uploads\/2025\/10\/30-1-883x1024.jpg\" alt=\"\" class=\"wp-image-5165\" srcset=\"https:\/\/www.propertyobserver.pl\/wp-content\/uploads\/2025\/10\/30-1-883x1024.jpg 883w, https:\/\/www.propertyobserver.pl\/wp-content\/uploads\/2025\/10\/30-1-259x300.jpg 259w, https:\/\/www.propertyobserver.pl\/wp-content\/uploads\/2025\/10\/30-1-768x890.jpg 768w, https:\/\/www.propertyobserver.pl\/wp-content\/uploads\/2025\/10\/30-1-1325x1536.jpg 1325w, https:\/\/www.propertyobserver.pl\/wp-content\/uploads\/2025\/10\/30-1-332x385.jpg 332w, https:\/\/www.propertyobserver.pl\/wp-content\/uploads\/2025\/10\/30-1-664x770.jpg 664w, https:\/\/www.propertyobserver.pl\/wp-content\/uploads\/2025\/10\/30-1-688x797.jpg 688w, https:\/\/www.propertyobserver.pl\/wp-content\/uploads\/2025\/10\/30-1-1044x1210.jpg 1044w, https:\/\/www.propertyobserver.pl\/wp-content\/uploads\/2025\/10\/30-1-1400x1623.jpg 1400w, https:\/\/www.propertyobserver.pl\/wp-content\/uploads\/2025\/10\/30-1.jpg 1553w\" sizes=\"(max-width: 883px) 100vw, 883px\" \/><figcaption class=\"wp-element-caption\">Atchain<\/figcaption><\/figure>\n\n\n\n<p>Projektanci podkre\u015blaj\u0105, \u017ce wie\u017ca ma uciele\u015bnia\u0107 <strong>warto\u015bci kluczowe dla Alta Banku<\/strong> &#8211; stabilno\u015b\u0107, bezpiecze\u0144stwo i odporno\u015b\u0107 &#8211; jednocze\u015bnie wprowadzaj\u0105c <strong>elastyczne i sprzyjaj\u0105ce wsp\u00f3\u0142pracy \u015brodowisko pracy<\/strong>. Ca\u0142o\u015b\u0107 ma odpowiada\u0107 wsp\u00f3\u0142czesnym trendom \u0142\u0105czenia funkcji biurowych, mieszkalnych i publicznych w jednym, zr\u00f3wnowa\u017conym organizmie architektonicznym.<\/p>\n\n\n\n<figure class=\"wp-block-image size-large\"><img decoding=\"async\" width=\"907\" height=\"1024\" src=\"https:\/\/www.propertyobserver.pl\/wp-content\/uploads\/2025\/10\/32-1-907x1024.jpg\" alt=\"\" class=\"wp-image-5167\" srcset=\"https:\/\/www.propertyobserver.pl\/wp-content\/uploads\/2025\/10\/32-1-907x1024.jpg 907w, https:\/\/www.propertyobserver.pl\/wp-content\/uploads\/2025\/10\/32-1-266x300.jpg 266w, https:\/\/www.propertyobserver.pl\/wp-content\/uploads\/2025\/10\/32-1-768x867.jpg 768w, https:\/\/www.propertyobserver.pl\/wp-content\/uploads\/2025\/10\/32-1-1361x1536.jpg 1361w, https:\/\/www.propertyobserver.pl\/wp-content\/uploads\/2025\/10\/32-1-332x375.jpg 332w, https:\/\/www.propertyobserver.pl\/wp-content\/uploads\/2025\/10\/32-1-664x749.jpg 664w, https:\/\/www.propertyobserver.pl\/wp-content\/uploads\/2025\/10\/32-1-688x776.jpg 688w, https:\/\/www.propertyobserver.pl\/wp-content\/uploads\/2025\/10\/32-1-1044x1178.jpg 1044w, https:\/\/www.propertyobserver.pl\/wp-content\/uploads\/2025\/10\/32-1-1400x1580.jpg 1400w, https:\/\/www.propertyobserver.pl\/wp-content\/uploads\/2025\/10\/32-1.jpg 1595w\" sizes=\"(max-width: 907px) 100vw, 907px\" \/><figcaption class=\"wp-element-caption\">Atchain<\/figcaption><\/figure>\n\n\n\n<p>Szczeg\u00f3ln\u0105 uwag\u0119 po\u015bwi\u0119cono <strong>efektywno\u015bci energetycznej i zr\u00f3wnowa\u017conemu budownictwu<\/strong>. Fasada zostanie wyposa\u017cona w pionowe \u017caluzje ograniczaj\u0105ce przegrzewanie pomieszcze\u0144, a system naturalnej wentylacji poprawi komfort u\u017cytkownik\u00f3w. Projekt przewiduje r\u00f3wnie\u017c wykorzystanie <strong>lokalnych materia\u0142\u00f3w i modu\u0142owych rozwi\u0105za\u0144 konstrukcyjnych<\/strong>, co zmniejszy \u015blad w\u0119glowy inwestycji.<\/p>\n\n\n\n<figure class=\"wp-block-image size-large\"><img decoding=\"async\" width=\"1024\" height=\"878\" src=\"https:\/\/www.propertyobserver.pl\/wp-content\/uploads\/2025\/10\/33-1-1024x878.jpg\" alt=\"\" class=\"wp-image-5168\" srcset=\"https:\/\/www.propertyobserver.pl\/wp-content\/uploads\/2025\/10\/33-1-1024x878.jpg 1024w, https:\/\/www.propertyobserver.pl\/wp-content\/uploads\/2025\/10\/33-1-300x257.jpg 300w, https:\/\/www.propertyobserver.pl\/wp-content\/uploads\/2025\/10\/33-1-768x658.jpg 768w, https:\/\/www.propertyobserver.pl\/wp-content\/uploads\/2025\/10\/33-1-1536x1317.jpg 1536w, https:\/\/www.propertyobserver.pl\/wp-content\/uploads\/2025\/10\/33-1-332x285.jpg 332w, https:\/\/www.propertyobserver.pl\/wp-content\/uploads\/2025\/10\/33-1-664x569.jpg 664w, https:\/\/www.propertyobserver.pl\/wp-content\/uploads\/2025\/10\/33-1-688x590.jpg 688w, https:\/\/www.propertyobserver.pl\/wp-content\/uploads\/2025\/10\/33-1-1044x895.jpg 1044w, https:\/\/www.propertyobserver.pl\/wp-content\/uploads\/2025\/10\/33-1-1400x1200.jpg 1400w, https:\/\/www.propertyobserver.pl\/wp-content\/uploads\/2025\/10\/33-1.jpg 1800w\" sizes=\"(max-width: 1024px) 100vw, 1024px\" \/><figcaption class=\"wp-element-caption\">Atchain<\/figcaption><\/figure>\n\n\n\n<p>U podn\u00f3\u017ca wie\u017cy powstanie <strong>og\u00f3lnodost\u0119pny plac dla pieszych<\/strong>, otoczony kawiarniami, sklepami i zieleni\u0105 miejsk\u0105. Dzi\u0119ki temu Alta Tower stanie si\u0119 nie tylko now\u0105 wizyt\u00f3wk\u0105 Nowego Belgradu, ale r\u00f3wnie\u017c miejscem spotka\u0144 i rekreacji.<\/p>\n","protected":false},"excerpt":{"rendered":"Belgrad wzbogaci si\u0119 o spektakularny punkt orientacyjny -35-pi\u0119trow\u0105 wie\u017c\u0119 Alta Tower, kt\u00f3ra stanie si\u0119 now\u0105 siedzib\u0105 Alta Banku. Za projekt odpowiadaj\u0105 Zaha Hadid Architects wsp\u00f3lnie z Bureau Cube Partners, wy\u0142onieni w mi\u0119dzynarodowym konkursie architektonicznym.","protected":false},"author":3,"featured_media":5166,"comment_status":"open","ping_status":"open","sticky":false,"template":"","format":"standard","meta":{"csco_display_header_overlay":false,"csco_singular_sidebar":"","csco_page_header_type":"","csco_page_load_nextpost":"","csco_post_video_location":[],"csco_post_video_location_hash":"","csco_post_video_url":"","csco_post_video_bg_start_time":0,"csco_post_video_bg_end_time":0,"footnotes":""},"categories":[7,1],"tags":[92,34,91],"class_list":{"0":"post-5163","1":"post","2":"type-post","3":"status-publish","4":"format-standard","5":"has-post-thumbnail","7":"category-planynaprzyszlosc","8":"category-wiezowce","9":"tag-belgrad","10":"tag-europa","11":"tag-serbia","12":"cs-entry","13":"cs-video-wrap"},"_links":{"self":[{"href":"https:\/\/www.propertyobserver.pl\/index.php\/wp-json\/wp\/v2\/posts\/5163"}],"collection":[{"href":"https:\/\/www.propertyobserver.pl\/index.php\/wp-json\/wp\/v2\/posts"}],"about":[{"href":"https:\/\/www.propertyobserver.pl\/index.php\/wp-json\/wp\/v2\/types\/post"}],"author":[{"embeddable":true,"href":"https:\/\/www.propertyobserver.pl\/index.php\/wp-json\/wp\/v2\/users\/3"}],"replies":[{"embeddable":true,"href":"https:\/\/www.propertyobserver.pl\/index.php\/wp-json\/wp\/v2\/comments?post=5163"}],"version-history":[{"count":1,"href":"https:\/\/www.propertyobserver.pl\/index.php\/wp-json\/wp\/v2\/posts\/5163\/revisions"}],"predecessor-version":[{"id":5169,"href":"https:\/\/www.propertyobserver.pl\/index.php\/wp-json\/wp\/v2\/posts\/5163\/revisions\/5169"}],"wp:featuredmedia":[{"embeddable":true,"href":"https:\/\/www.propertyobserver.pl\/index.php\/wp-json\/wp\/v2\/media\/5166"}],"wp:attachment":[{"href":"https:\/\/www.propertyobserver.pl\/index.php\/wp-json\/wp\/v2\/media?parent=5163"}],"wp:term":[{"taxonomy":"category","embeddable":true,"href":"https:\/\/www.propertyobserver.pl\/index.php\/wp-json\/wp\/v2\/categories?post=5163"},{"taxonomy":"post_tag","embeddable":true,"href":"https:\/\/www.propertyobserver.pl\/index.php\/wp-json\/wp\/v2\/tags?post=5163"}],"curies":[{"name":"wp","href":"https:\/\/api.w.org\/{rel}","templated":true}]}}