{"id":5170,"date":"2025-10-09T07:21:12","date_gmt":"2025-10-09T07:21:12","guid":{"rendered":"https:\/\/www.propertyobserver.pl\/?p=5170"},"modified":"2025-10-09T07:21:13","modified_gmt":"2025-10-09T07:21:13","slug":"rozpoczeto-budowe-cardiff-areny-nowego-centrum-kultury-i-rozrywki-w-stolicy-walii","status":"publish","type":"post","link":"https:\/\/www.propertyobserver.pl\/index.php\/2025\/10\/09\/rozpoczeto-budowe-cardiff-areny-nowego-centrum-kultury-i-rozrywki-w-stolicy-walii\/","title":{"rendered":"Rozpocz\u0119to budow\u0119 Cardiff Areny &#8211; nowego centrum kultury i rozrywki w stolicy Walii"},"content":{"rendered":"\n<p>Za projekt odpowiada znane biuro architektoniczne <strong>Populous<\/strong>, kt\u00f3re wsp\u00f3\u0142pracuje z <strong>Rad\u0105 Miasta Cardiff<\/strong>, <strong>Live Nation<\/strong> oraz <strong>Robertson Property<\/strong>. Wn\u0119trza opracowuje studio <strong>Jump Studios<\/strong>, nale\u017c\u0105ce do Populous, natomiast generalnym wykonawc\u0105 zosta\u0142a firma <strong>McLaren Construction<\/strong>. Otwarcie planowane jest na rok <strong>2028<\/strong>. Wed\u0142ug tw\u00f3rc\u00f3w, nowa arena ma stanowi\u0107 serce miejskiego \u017cycia &#8211; miejsce, gdzie b\u0119d\u0105 odbywa\u0107 si\u0119 koncerty, wydarzenia sportowe i widowiska o mi\u0119dzynarodowej randze.<\/p>\n\n\n\n<figure class=\"wp-block-image size-large\"><img fetchpriority=\"high\" decoding=\"async\" width=\"1024\" height=\"768\" src=\"https:\/\/www.propertyobserver.pl\/wp-content\/uploads\/2025\/10\/12-1-1024x768.jpg\" alt=\"\" class=\"wp-image-5174\" srcset=\"https:\/\/www.propertyobserver.pl\/wp-content\/uploads\/2025\/10\/12-1-1024x768.jpg 1024w, https:\/\/www.propertyobserver.pl\/wp-content\/uploads\/2025\/10\/12-1-300x225.jpg 300w, https:\/\/www.propertyobserver.pl\/wp-content\/uploads\/2025\/10\/12-1-768x576.jpg 768w, https:\/\/www.propertyobserver.pl\/wp-content\/uploads\/2025\/10\/12-1-332x249.jpg 332w, https:\/\/www.propertyobserver.pl\/wp-content\/uploads\/2025\/10\/12-1-664x498.jpg 664w, https:\/\/www.propertyobserver.pl\/wp-content\/uploads\/2025\/10\/12-1-688x516.jpg 688w, https:\/\/www.propertyobserver.pl\/wp-content\/uploads\/2025\/10\/12-1-1044x783.jpg 1044w, https:\/\/www.propertyobserver.pl\/wp-content\/uploads\/2025\/10\/12-1.jpg 1200w\" sizes=\"(max-width: 1024px) 100vw, 1024px\" \/><figcaption class=\"wp-element-caption\">Populous<\/figcaption><\/figure>\n\n\n\n<p>Inspiracj\u0105 dla bry\u0142y obiektu sta\u0142a si\u0119 <strong>Zatoka Cardiff<\/strong>, niegdy\u015b kluczowy o\u015brodek handlu \u017celazem w regionie. Elewacja zostanie pokryta <strong>patynowanymi panelami o falistej strukturze<\/strong>, zestawionymi z <strong>matowo-z\u0142otym wyko\u0144czeniem aluminiowego podsufitka<\/strong>, co ma symbolizowa\u0107 po\u0142\u0105czenie historii i nowoczesno\u015bci. Na po\u0142udniowej \u015bcianie dominowa\u0107 b\u0119d\u0105 <strong>rozleg\u0142e przeszklenia i ekran LED<\/strong>, kt\u00f3re wraz z charakterystycznym architektonicznym \u201eskrzyd\u0142em\u201d nad wej\u015bciem stworz\u0105 efektown\u0105 kompozycj\u0119 witaj\u0105c\u0105 odwiedzaj\u0105cych. Wschodnia i zachodnia fasada z dodatkowymi przeszkleniami nawi\u0105\u017ce natomiast do pag\u00f3rkowatego krajobrazu po\u0142udniowej Walii.<\/p>\n\n\n\n<figure class=\"wp-block-image size-large\"><img decoding=\"async\" width=\"1024\" height=\"768\" src=\"https:\/\/www.propertyobserver.pl\/wp-content\/uploads\/2025\/10\/11-1-1024x768.jpg\" alt=\"\" class=\"wp-image-5173\" srcset=\"https:\/\/www.propertyobserver.pl\/wp-content\/uploads\/2025\/10\/11-1-1024x768.jpg 1024w, https:\/\/www.propertyobserver.pl\/wp-content\/uploads\/2025\/10\/11-1-300x225.jpg 300w, https:\/\/www.propertyobserver.pl\/wp-content\/uploads\/2025\/10\/11-1-768x576.jpg 768w, https:\/\/www.propertyobserver.pl\/wp-content\/uploads\/2025\/10\/11-1-332x249.jpg 332w, https:\/\/www.propertyobserver.pl\/wp-content\/uploads\/2025\/10\/11-1-664x498.jpg 664w, https:\/\/www.propertyobserver.pl\/wp-content\/uploads\/2025\/10\/11-1-688x516.jpg 688w, https:\/\/www.propertyobserver.pl\/wp-content\/uploads\/2025\/10\/11-1-1044x783.jpg 1044w, https:\/\/www.propertyobserver.pl\/wp-content\/uploads\/2025\/10\/11-1.jpg 1200w\" sizes=\"(max-width: 1024px) 100vw, 1024px\" \/><figcaption class=\"wp-element-caption\">Populous<\/figcaption><\/figure>\n\n\n\n<p>Wn\u0119trze Cardiff Areny zaplanowano tak, aby zapewni\u0107 publiczno\u015bci jak najbli\u017cszy kontakt z artystami. <strong>Widownia o zwartej formie<\/strong> pozwoli na maksymalne zbli\u017cenie do sceny, tworz\u0105c atmosfer\u0119 typow\u0105 dla mniejszych sal koncertowych. Wyr\u00f3\u017cnikiem obiektu b\u0119dzie brak wyra\u017anego podzia\u0142u mi\u0119dzy stref\u0105 go\u015bci a reszt\u0105 publiczno\u015bci, co ma sprzyja\u0107 integracji i wsp\u00f3lnemu prze\u017cywaniu wydarze\u0144. Na p\u0142ycie areny przewidziano r\u00f3wnie\u017c <strong>du\u017c\u0105 przestrze\u0144 stoj\u0105c\u0105<\/strong>, co dodatkowo wzmocni dynamik\u0119 koncert\u00f3w. Obiekt zostanie w pe\u0142ni przystosowany do potrzeb os\u00f3b z niepe\u0142nosprawno\u015bciami, z wyznaczonymi miejscami w ca\u0142ym kompleksie, tak\u017ce w strefach VIP i klubowych.<\/p>\n\n\n\n<p>Nowa arena jest kluczowym elementem szerzej zakrojonego planu rewitalizacji dzielnicy <strong>Atlantic Wharf<\/strong>, realizowanego przez w\u0142adze miasta. Projekt zak\u0142ada powstanie <strong>czterogwiazdkowego hotelu, centrum kulturalnego, przestrzeni gastronomicznych, biurowych oraz oko\u0142o 1100 mieszka\u0144<\/strong>. W jego ramach powstanie r\u00f3wnie\u017c nowy <strong>w\u0119ze\u0142 komunikacyjny<\/strong>, kt\u00f3ry poprawi po\u0142\u0105czenia pomi\u0119dzy stacjami Bay, City i St Mellon\u2019s oraz zapewni wygodny dost\u0119p r\u00f3\u017cnymi \u015brodkami transportu &#8211; pieszo, rowerem, samochodem i komunikacj\u0105 publiczn\u0105.<\/p>\n","protected":false},"excerpt":{"rendered":"W Cardiff ruszy\u0142a budowa areny, kt\u00f3ra ma sta\u0107 si\u0119 jednym z najwa\u017cniejszych punkt\u00f3w na mapie kulturalnej i rozrywkowej miasta. Po uroczysto\u015bci wmurowania kamienia w\u0119gielnego rozpocz\u0119to realizacj\u0119 inwestycji o pojemno\u015bci 16,5 tysi\u0105ca miejsc, kt\u00f3ra ma ca\u0142kowicie odmieni\u0107 oblicze dzielnicy Atlantic Wharf.","protected":false},"author":1,"featured_media":5172,"comment_status":"open","ping_status":"open","sticky":false,"template":"","format":"standard","meta":{"csco_display_header_overlay":false,"csco_singular_sidebar":"","csco_page_header_type":"","csco_page_load_nextpost":"","csco_post_video_location":[],"csco_post_video_location_hash":"","csco_post_video_url":"","csco_post_video_bg_start_time":0,"csco_post_video_bg_end_time":0,"footnotes":""},"categories":[11],"tags":[178,34,177],"class_list":{"0":"post-5170","1":"post","2":"type-post","3":"status-publish","4":"format-standard","5":"has-post-thumbnail","7":"category-wbudowie","8":"tag-cardiff","9":"tag-europa","10":"tag-walia","11":"cs-entry","12":"cs-video-wrap"},"_links":{"self":[{"href":"https:\/\/www.propertyobserver.pl\/index.php\/wp-json\/wp\/v2\/posts\/5170"}],"collection":[{"href":"https:\/\/www.propertyobserver.pl\/index.php\/wp-json\/wp\/v2\/posts"}],"about":[{"href":"https:\/\/www.propertyobserver.pl\/index.php\/wp-json\/wp\/v2\/types\/post"}],"author":[{"embeddable":true,"href":"https:\/\/www.propertyobserver.pl\/index.php\/wp-json\/wp\/v2\/users\/1"}],"replies":[{"embeddable":true,"href":"https:\/\/www.propertyobserver.pl\/index.php\/wp-json\/wp\/v2\/comments?post=5170"}],"version-history":[{"count":1,"href":"https:\/\/www.propertyobserver.pl\/index.php\/wp-json\/wp\/v2\/posts\/5170\/revisions"}],"predecessor-version":[{"id":5175,"href":"https:\/\/www.propertyobserver.pl\/index.php\/wp-json\/wp\/v2\/posts\/5170\/revisions\/5175"}],"wp:featuredmedia":[{"embeddable":true,"href":"https:\/\/www.propertyobserver.pl\/index.php\/wp-json\/wp\/v2\/media\/5172"}],"wp:attachment":[{"href":"https:\/\/www.propertyobserver.pl\/index.php\/wp-json\/wp\/v2\/media?parent=5170"}],"wp:term":[{"taxonomy":"category","embeddable":true,"href":"https:\/\/www.propertyobserver.pl\/index.php\/wp-json\/wp\/v2\/categories?post=5170"},{"taxonomy":"post_tag","embeddable":true,"href":"https:\/\/www.propertyobserver.pl\/index.php\/wp-json\/wp\/v2\/tags?post=5170"}],"curies":[{"name":"wp","href":"https:\/\/api.w.org\/{rel}","templated":true}]}}