{"id":5363,"date":"2025-11-03T09:42:11","date_gmt":"2025-11-03T09:42:11","guid":{"rendered":"https:\/\/www.propertyobserver.pl\/?p=5363"},"modified":"2025-11-03T09:42:12","modified_gmt":"2025-11-03T09:42:12","slug":"mundial-2026-coraz-blizej-kansas-city-przygotowuje-spektakularne-centrum-kibicow-fifa","status":"publish","type":"post","link":"https:\/\/www.propertyobserver.pl\/index.php\/2025\/11\/03\/mundial-2026-coraz-blizej-kansas-city-przygotowuje-spektakularne-centrum-kibicow-fifa\/","title":{"rendered":"Mundial 2026 coraz bli\u017cej. Kansas City przygotowuje spektakularne centrum kibic\u00f3w FIFA\u2122"},"content":{"rendered":"\n<p>Nowoczesna przestrze\u0144 pomie\u015bci 25 tysi\u0119cy kibic\u00f3w i stanie si\u0119 jednym z symboli ameryka\u0144skiej edycji Mistrzostw \u015awiata FIFA\u2122.<\/p>\n\n\n\n<p>Na 225 dni przed pierwszym gwizdkiem <strong>Mistrzostw \u015awiata FIFA\u2122 w Kansas City<\/strong> zaprezentowano szczeg\u00f3\u0142y i wizualizacje kompleksu <strong>FIFA Fan Festival\u2122<\/strong>, przygotowanego przez biuro architektoniczne <strong>Populous<\/strong>. Uroczyste og\u0142oszenie odby\u0142o si\u0119 w National World War I Museum and Memorial zaledwie kilka minut od siedziby projektant\u00f3w.<\/p>\n\n\n\n<figure class=\"wp-block-image size-large\"><img fetchpriority=\"high\" decoding=\"async\" width=\"1024\" height=\"768\" src=\"https:\/\/www.propertyobserver.pl\/wp-content\/uploads\/2025\/11\/20-1024x768.jpg\" alt=\"\" class=\"wp-image-5365\" srcset=\"https:\/\/www.propertyobserver.pl\/wp-content\/uploads\/2025\/11\/20-1024x768.jpg 1024w, https:\/\/www.propertyobserver.pl\/wp-content\/uploads\/2025\/11\/20-300x225.jpg 300w, https:\/\/www.propertyobserver.pl\/wp-content\/uploads\/2025\/11\/20-768x576.jpg 768w, https:\/\/www.propertyobserver.pl\/wp-content\/uploads\/2025\/11\/20-332x249.jpg 332w, https:\/\/www.propertyobserver.pl\/wp-content\/uploads\/2025\/11\/20-664x498.jpg 664w, https:\/\/www.propertyobserver.pl\/wp-content\/uploads\/2025\/11\/20-688x516.jpg 688w, https:\/\/www.propertyobserver.pl\/wp-content\/uploads\/2025\/11\/20-1044x783.jpg 1044w, https:\/\/www.propertyobserver.pl\/wp-content\/uploads\/2025\/11\/20.jpg 1200w\" sizes=\"(max-width: 1024px) 100vw, 1024px\" \/><figcaption class=\"wp-element-caption\">Populous<\/figcaption><\/figure>\n\n\n\n<p>Projekt powsta\u0142 we wsp\u00f3\u0142pracy z komitetem organizacyjnym KC2026. Jak podkre\u015blaj\u0105 jego przedstawiciele, celem jest stworzenie przestrzeni, kt\u00f3ra b\u0119dzie nie tylko miejscem ogl\u0105dania mecz\u00f3w, ale r\u00f3wnie\u017c sercem wsp\u00f3lnego \u015bwi\u0119towania pi\u0142ki no\u017cnej.<\/p>\n\n\n\n<blockquote class=\"wp-block-quote is-layout-flow wp-block-quote-is-layout-flow\">\n<p>\u201eChcemy, by Kansas City by\u0142o miejscem, w kt\u00f3rym sport \u0142\u0105czy ludzi z ca\u0142ego \u015bwiata. FIFA Fan Festival\u2122 ma oddawa\u0107 ducha Ameryki \u2013 otwarto\u015b\u0107, energi\u0119 i wsp\u00f3lnot\u0119\u201d <\/p>\n<\/blockquote>\n\n\n\n<p>\u2013 powiedzia\u0142a Pam Kramer, dyrektor generalna KC2026.<\/p>\n\n\n\n<figure class=\"wp-block-image size-large\"><img decoding=\"async\" width=\"1024\" height=\"768\" src=\"https:\/\/www.propertyobserver.pl\/wp-content\/uploads\/2025\/11\/21-1024x768.jpg\" alt=\"\" class=\"wp-image-5366\" srcset=\"https:\/\/www.propertyobserver.pl\/wp-content\/uploads\/2025\/11\/21-1024x768.jpg 1024w, https:\/\/www.propertyobserver.pl\/wp-content\/uploads\/2025\/11\/21-300x225.jpg 300w, https:\/\/www.propertyobserver.pl\/wp-content\/uploads\/2025\/11\/21-768x576.jpg 768w, https:\/\/www.propertyobserver.pl\/wp-content\/uploads\/2025\/11\/21-332x249.jpg 332w, https:\/\/www.propertyobserver.pl\/wp-content\/uploads\/2025\/11\/21-664x498.jpg 664w, https:\/\/www.propertyobserver.pl\/wp-content\/uploads\/2025\/11\/21-688x516.jpg 688w, https:\/\/www.propertyobserver.pl\/wp-content\/uploads\/2025\/11\/21-1044x783.jpg 1044w, https:\/\/www.propertyobserver.pl\/wp-content\/uploads\/2025\/11\/21.jpg 1200w\" sizes=\"(max-width: 1024px) 100vw, 1024px\" \/><figcaption class=\"wp-element-caption\">Populous<\/figcaption><\/figure>\n\n\n\n<p>Centralnym punktem kompleksu b\u0119dzie wej\u015bcie w kszta\u0142cie serca, mierz\u0105ce 65 st\u00f3p wysoko\u015bci, prowadz\u0105ce na po\u0142udniowy trawnik Narodowego Muzeum I Wojny \u015awiatowej. Symboliczny motyw serca ma odzwierciedla\u0107 zar\u00f3wno po\u0142o\u017cenie miasta w centrum kraju, jak i jego rol\u0119 jako emocjonalnego epicentrum mundialu.<\/p>\n\n\n\n<p>Na terenie festiwalu zaplanowano <strong>dwie du\u017ce sceny oraz ekrany o \u0142\u0105cznej powierzchni ponad 400 m\u00b2<\/strong>, kt\u00f3re zapewni\u0105 kibicom doskona\u0142\u0105 jako\u015b\u0107 transmisji i mo\u017cliwo\u015b\u0107 wsp\u00f3lnego prze\u017cywania sportowych emocji. Opr\u00f3cz mecz\u00f3w, na uczestnik\u00f3w czeka\u0107 b\u0119d\u0105 koncerty, wyst\u0119py artystyczne i atrakcje kulturalne.<\/p>\n\n\n\n<p><strong>FIFA Fan Festival\u2122 w Kansas City<\/strong> pomie\u015bci do 25 tysi\u0119cy os\u00f3b jednocze\u015bnie. Obiekt b\u0119dzie otwierany przynajmniej w dni, kiedy rozgrywane b\u0119d\u0105 mecze w Kansas City oraz spotkania reprezentacji USA. Dok\u0142adny harmonogram zostanie og\u0142oszony w p\u00f3\u017aniejszym terminie.<\/p>\n","protected":false},"excerpt":{"rendered":"Kansas City ods\u0142ania serce mundialu &#8211; w 2026 roku miasto stanie si\u0119 centrum pi\u0142karskich emocji, a projektowany przez Populous FIFA Fan Festival\u2122 ma po\u0142\u0105czy\u0107 sport, kultur\u0119 i go\u015bcinno\u015b\u0107 w jednym miejscu.","protected":false},"author":3,"featured_media":5367,"comment_status":"open","ping_status":"open","sticky":false,"template":"","format":"standard","meta":{"csco_display_header_overlay":false,"csco_singular_sidebar":"","csco_page_header_type":"","csco_page_load_nextpost":"","csco_post_video_location":[],"csco_post_video_location_hash":"","csco_post_video_url":"","csco_post_video_bg_start_time":0,"csco_post_video_bg_end_time":0,"footnotes":""},"categories":[7],"tags":[59,197,36],"class_list":{"0":"post-5363","1":"post","2":"type-post","3":"status-publish","4":"format-standard","5":"has-post-thumbnail","7":"category-planynaprzyszlosc","8":"tag-ameryka-polnocna","9":"tag-kansas","10":"tag-stany-zjednoczone","11":"cs-entry","12":"cs-video-wrap"},"_links":{"self":[{"href":"https:\/\/www.propertyobserver.pl\/index.php\/wp-json\/wp\/v2\/posts\/5363"}],"collection":[{"href":"https:\/\/www.propertyobserver.pl\/index.php\/wp-json\/wp\/v2\/posts"}],"about":[{"href":"https:\/\/www.propertyobserver.pl\/index.php\/wp-json\/wp\/v2\/types\/post"}],"author":[{"embeddable":true,"href":"https:\/\/www.propertyobserver.pl\/index.php\/wp-json\/wp\/v2\/users\/3"}],"replies":[{"embeddable":true,"href":"https:\/\/www.propertyobserver.pl\/index.php\/wp-json\/wp\/v2\/comments?post=5363"}],"version-history":[{"count":1,"href":"https:\/\/www.propertyobserver.pl\/index.php\/wp-json\/wp\/v2\/posts\/5363\/revisions"}],"predecessor-version":[{"id":5368,"href":"https:\/\/www.propertyobserver.pl\/index.php\/wp-json\/wp\/v2\/posts\/5363\/revisions\/5368"}],"wp:featuredmedia":[{"embeddable":true,"href":"https:\/\/www.propertyobserver.pl\/index.php\/wp-json\/wp\/v2\/media\/5367"}],"wp:attachment":[{"href":"https:\/\/www.propertyobserver.pl\/index.php\/wp-json\/wp\/v2\/media?parent=5363"}],"wp:term":[{"taxonomy":"category","embeddable":true,"href":"https:\/\/www.propertyobserver.pl\/index.php\/wp-json\/wp\/v2\/categories?post=5363"},{"taxonomy":"post_tag","embeddable":true,"href":"https:\/\/www.propertyobserver.pl\/index.php\/wp-json\/wp\/v2\/tags?post=5363"}],"curies":[{"name":"wp","href":"https:\/\/api.w.org\/{rel}","templated":true}]}}