{"id":5852,"date":"2026-01-19T07:08:03","date_gmt":"2026-01-19T07:08:03","guid":{"rendered":"https:\/\/www.propertyobserver.pl\/?p=5852"},"modified":"2026-01-19T07:08:03","modified_gmt":"2026-01-19T07:08:03","slug":"po-latach-sporow-powstanie-centrum-nobla-nad-woda","status":"publish","type":"post","link":"https:\/\/www.propertyobserver.pl\/index.php\/2026\/01\/19\/po-latach-sporow-powstanie-centrum-nobla-nad-woda\/","title":{"rendered":"Po latach spor\u00f3w powstanie Centrum Nobla nad wod\u0105"},"content":{"rendered":"\n<p>Projekt przygotowany przez <strong>David Chipperfield Architects<\/strong> powsta\u0142 we wsp\u00f3\u0142pracy z <strong>Sweco Architects<\/strong> i zak\u0142ada realizacj\u0119 zespo\u0142u budynk\u00f3w z czerwonej ceg\u0142y w rejonie Slussen, kt\u00f3ry obecnie przechodzi szeroko zakrojon\u0105 przebudow\u0119 urbanistyczn\u0105.<\/p>\n\n\n\n<figure class=\"wp-block-image size-large\"><img fetchpriority=\"high\" decoding=\"async\" width=\"1024\" height=\"576\" src=\"https:\/\/www.propertyobserver.pl\/wp-content\/uploads\/2026\/01\/13-1024x576.jpg\" alt=\"\" class=\"wp-image-5857\" srcset=\"https:\/\/www.propertyobserver.pl\/wp-content\/uploads\/2026\/01\/13-1024x576.jpg 1024w, https:\/\/www.propertyobserver.pl\/wp-content\/uploads\/2026\/01\/13-300x169.jpg 300w, https:\/\/www.propertyobserver.pl\/wp-content\/uploads\/2026\/01\/13-768x432.jpg 768w, https:\/\/www.propertyobserver.pl\/wp-content\/uploads\/2026\/01\/13-1536x864.jpg 1536w, https:\/\/www.propertyobserver.pl\/wp-content\/uploads\/2026\/01\/13-2048x1152.jpg 2048w, https:\/\/www.propertyobserver.pl\/wp-content\/uploads\/2026\/01\/13-332x187.jpg 332w, https:\/\/www.propertyobserver.pl\/wp-content\/uploads\/2026\/01\/13-664x373.jpg 664w, https:\/\/www.propertyobserver.pl\/wp-content\/uploads\/2026\/01\/13-688x387.jpg 688w, https:\/\/www.propertyobserver.pl\/wp-content\/uploads\/2026\/01\/13-1376x774.jpg 1376w, https:\/\/www.propertyobserver.pl\/wp-content\/uploads\/2026\/01\/13-1044x587.jpg 1044w, https:\/\/www.propertyobserver.pl\/wp-content\/uploads\/2026\/01\/13-2088x1174.jpg 2088w, https:\/\/www.propertyobserver.pl\/wp-content\/uploads\/2026\/01\/13-1400x787.jpg 1400w, https:\/\/www.propertyobserver.pl\/wp-content\/uploads\/2026\/01\/13-1920x1080.jpg 1920w, https:\/\/www.propertyobserver.pl\/wp-content\/uploads\/2026\/01\/13.jpg 2100w\" sizes=\"(max-width: 1024px) 100vw, 1024px\" \/><figcaption class=\"wp-element-caption\">Onirism<\/figcaption><\/figure>\n\n\n\n<p><strong>Nowa siedziba Centrum Nobla<\/strong> powstanie w dzielnicy <strong>S\u00f6dermalm<\/strong>, nad nabrze\u017cem, w s\u0105siedztwie modernizowanej infrastruktury Slussen. To kolejna pr\u00f3ba realizacji projektu, po tym jak wcze\u015bniejsza koncepcja z elewacj\u0105 z mosi\u0105dzu zosta\u0142a zablokowana w 2018 roku przez szwedzki s\u0105d ze wzgl\u0119du na negatywny wp\u0142yw na historyczny krajobraz nabrze\u017ca.<\/p>\n\n\n\n<figure class=\"wp-block-image size-large\"><img decoding=\"async\" width=\"1024\" height=\"788\" src=\"https:\/\/www.propertyobserver.pl\/wp-content\/uploads\/2026\/01\/10-1-1024x788.jpg\" alt=\"\" class=\"wp-image-5854\" srcset=\"https:\/\/www.propertyobserver.pl\/wp-content\/uploads\/2026\/01\/10-1-1024x788.jpg 1024w, https:\/\/www.propertyobserver.pl\/wp-content\/uploads\/2026\/01\/10-1-300x231.jpg 300w, https:\/\/www.propertyobserver.pl\/wp-content\/uploads\/2026\/01\/10-1-768x591.jpg 768w, https:\/\/www.propertyobserver.pl\/wp-content\/uploads\/2026\/01\/10-1-1536x1181.jpg 1536w, https:\/\/www.propertyobserver.pl\/wp-content\/uploads\/2026\/01\/10-1-2048x1575.jpg 2048w, https:\/\/www.propertyobserver.pl\/wp-content\/uploads\/2026\/01\/10-1-332x255.jpg 332w, https:\/\/www.propertyobserver.pl\/wp-content\/uploads\/2026\/01\/10-1-664x511.jpg 664w, https:\/\/www.propertyobserver.pl\/wp-content\/uploads\/2026\/01\/10-1-688x529.jpg 688w, https:\/\/www.propertyobserver.pl\/wp-content\/uploads\/2026\/01\/10-1-1044x803.jpg 1044w, https:\/\/www.propertyobserver.pl\/wp-content\/uploads\/2026\/01\/10-1-1400x1077.jpg 1400w, https:\/\/www.propertyobserver.pl\/wp-content\/uploads\/2026\/01\/10-1-1920x1477.jpg 1920w, https:\/\/www.propertyobserver.pl\/wp-content\/uploads\/2026\/01\/10-1.jpg 2100w\" sizes=\"(max-width: 1024px) 100vw, 1024px\" \/><figcaption class=\"wp-element-caption\">Onirism<\/figcaption><\/figure>\n\n\n\n<p>Pierwotnie <strong>biuro Davida Chipperfielda<\/strong> wygra\u0142o konkurs architektoniczny w 2014 roku, proponuj\u0105c wyrazisty obiekt o metalicznej fasadzie. Projekt by\u0142 kilkukrotnie modyfikowany i redukowany, jednak ostatecznie nie uzyska\u0142 zgody na realizacj\u0119. W 2020 roku <strong>Fundacja Nobla<\/strong> zdecydowa\u0142a si\u0119 na wyb\u00f3r nowej lokalizacji i zaprosi\u0142a kilka pracowni do przygotowania alternatywnych koncepcji.<\/p>\n\n\n\n<p>Aktualny projekt zak\u0142ada realizacj\u0119 zespo\u0142u bry\u0142 o wyra\u017anie podzielonej, blokowej formie. Ich skala i proporcje zosta\u0142y dopasowane do historycznej zabudowy nabrze\u017cy Sztokholmu oraz kamienic z XVII wieku, widocznych po drugiej stronie wody na Starym Mie\u015bcie. Architekci podkre\u015blaj\u0105, \u017ce uk\u0142ad budynk\u00f3w odpowiada ukszta\u0142towaniu terenu S\u00f6dermalm, tworz\u0105c sp\u00f3jn\u0105, ale nie dominuj\u0105c\u0105 kompozycj\u0119.<\/p>\n\n\n\n<p>Wn\u0119trze obiektu pomie\u015bci przestrzenie wystawowe, sale warsztatowe, zaplecze wyk\u0142adowe oraz miejsca przeznaczone na wydarzenia edukacyjne i kulturalne. Program ma prezentowa\u0107 dorobek laureat\u00f3w Nagrody Nobla w dziedzinach nauk \u015bcis\u0142ych, literatury oraz dzia\u0142a\u0144 na rzecz pokoju.<\/p>\n\n\n\n<figure class=\"wp-block-image size-large\"><img decoding=\"async\" width=\"1024\" height=\"737\" src=\"https:\/\/www.propertyobserver.pl\/wp-content\/uploads\/2026\/01\/11-1-1024x737.jpg\" alt=\"\" class=\"wp-image-5855\" srcset=\"https:\/\/www.propertyobserver.pl\/wp-content\/uploads\/2026\/01\/11-1-1024x737.jpg 1024w, https:\/\/www.propertyobserver.pl\/wp-content\/uploads\/2026\/01\/11-1-300x216.jpg 300w, https:\/\/www.propertyobserver.pl\/wp-content\/uploads\/2026\/01\/11-1-768x553.jpg 768w, https:\/\/www.propertyobserver.pl\/wp-content\/uploads\/2026\/01\/11-1-1536x1106.jpg 1536w, https:\/\/www.propertyobserver.pl\/wp-content\/uploads\/2026\/01\/11-1-2048x1475.jpg 2048w, https:\/\/www.propertyobserver.pl\/wp-content\/uploads\/2026\/01\/11-1-332x239.jpg 332w, https:\/\/www.propertyobserver.pl\/wp-content\/uploads\/2026\/01\/11-1-664x478.jpg 664w, https:\/\/www.propertyobserver.pl\/wp-content\/uploads\/2026\/01\/11-1-688x495.jpg 688w, https:\/\/www.propertyobserver.pl\/wp-content\/uploads\/2026\/01\/11-1-1044x752.jpg 1044w, https:\/\/www.propertyobserver.pl\/wp-content\/uploads\/2026\/01\/11-1-1400x1008.jpg 1400w, https:\/\/www.propertyobserver.pl\/wp-content\/uploads\/2026\/01\/11-1-1920x1382.jpg 1920w, https:\/\/www.propertyobserver.pl\/wp-content\/uploads\/2026\/01\/11-1.jpg 2100w\" sizes=\"(max-width: 1024px) 100vw, 1024px\" \/><figcaption class=\"wp-element-caption\">Onirism<\/figcaption><\/figure>\n\n\n\n<p>Parter zaplanowano jako og\u00f3lnodost\u0119pn\u0105 stref\u0119 miejsk\u0105. Znajd\u0105 si\u0119 tam foyer, restauracja oraz sklep, z bezpo\u015brednim wyj\u015bciem na taras nad wod\u0105. Promenada biegn\u0105ca wzd\u0142u\u017c nabrze\u017ca po\u0142\u0105czy nowy obiekt z s\u0105siednimi instytucjami, takimi jak <strong>Fotografiska<\/strong> oraz <strong>Stadsmuseet<\/strong>.<\/p>\n\n\n\n<p>Konstrukcja budynku ma w du\u017cej mierze opiera\u0107 si\u0119 na drewnie, natomiast elewacje zostan\u0105 wykonane z odzyskanej czerwonej ceg\u0142y. Materia\u0142 ten nawi\u0105zuje do tradycji wa\u017cnych obiekt\u00f3w publicznych w Sztokholmie, w tym ratusza, i wpisuje si\u0119 w za\u0142o\u017cenia dotycz\u0105ce ograniczania \u015bladu \u015brodowiskowego inwestycji.<\/p>\n\n\n\n<p>Rozpocz\u0119cie budowy planowane jest na 2027 rok. Zako\u0144czenie realizacji Centrum Nobla przewidziano na 2031 rok.<\/p>\n","protected":false},"excerpt":{"rendered":"Po latach spor\u00f3w i zmian lokalizacji zaprezentowano now\u0105 koncepcj\u0119 architektoniczn\u0105 Centrum Nobla w Sztokholmie.","protected":false},"author":1,"featured_media":5856,"comment_status":"open","ping_status":"open","sticky":false,"template":"","format":"standard","meta":{"csco_display_header_overlay":false,"csco_singular_sidebar":"","csco_page_header_type":"","csco_page_load_nextpost":"","csco_post_video_location":[],"csco_post_video_location_hash":"","csco_post_video_url":"","csco_post_video_bg_start_time":0,"csco_post_video_bg_end_time":0,"footnotes":""},"categories":[10,7],"tags":[34,137,109],"class_list":{"0":"post-5852","1":"post","2":"type-post","3":"status-publish","4":"format-standard","5":"has-post-thumbnail","7":"category-architektura","8":"category-planynaprzyszlosc","9":"tag-europa","10":"tag-sztokholm","11":"tag-szwecja","12":"cs-entry","13":"cs-video-wrap"},"_links":{"self":[{"href":"https:\/\/www.propertyobserver.pl\/index.php\/wp-json\/wp\/v2\/posts\/5852"}],"collection":[{"href":"https:\/\/www.propertyobserver.pl\/index.php\/wp-json\/wp\/v2\/posts"}],"about":[{"href":"https:\/\/www.propertyobserver.pl\/index.php\/wp-json\/wp\/v2\/types\/post"}],"author":[{"embeddable":true,"href":"https:\/\/www.propertyobserver.pl\/index.php\/wp-json\/wp\/v2\/users\/1"}],"replies":[{"embeddable":true,"href":"https:\/\/www.propertyobserver.pl\/index.php\/wp-json\/wp\/v2\/comments?post=5852"}],"version-history":[{"count":1,"href":"https:\/\/www.propertyobserver.pl\/index.php\/wp-json\/wp\/v2\/posts\/5852\/revisions"}],"predecessor-version":[{"id":5858,"href":"https:\/\/www.propertyobserver.pl\/index.php\/wp-json\/wp\/v2\/posts\/5852\/revisions\/5858"}],"wp:featuredmedia":[{"embeddable":true,"href":"https:\/\/www.propertyobserver.pl\/index.php\/wp-json\/wp\/v2\/media\/5856"}],"wp:attachment":[{"href":"https:\/\/www.propertyobserver.pl\/index.php\/wp-json\/wp\/v2\/media?parent=5852"}],"wp:term":[{"taxonomy":"category","embeddable":true,"href":"https:\/\/www.propertyobserver.pl\/index.php\/wp-json\/wp\/v2\/categories?post=5852"},{"taxonomy":"post_tag","embeddable":true,"href":"https:\/\/www.propertyobserver.pl\/index.php\/wp-json\/wp\/v2\/tags?post=5852"}],"curies":[{"name":"wp","href":"https:\/\/api.w.org\/{rel}","templated":true}]}}