{"id":5896,"date":"2026-01-23T11:47:01","date_gmt":"2026-01-23T11:47:01","guid":{"rendered":"https:\/\/www.propertyobserver.pl\/?p=5896"},"modified":"2026-01-23T11:47:01","modified_gmt":"2026-01-23T11:47:01","slug":"nowa-dominanta-brazylijskiego-miasta-wieza-vitra-juz-gotowa","status":"publish","type":"post","link":"https:\/\/www.propertyobserver.pl\/index.php\/2026\/01\/23\/nowa-dominanta-brazylijskiego-miasta-wieza-vitra-juz-gotowa\/","title":{"rendered":"Nowa dominanta brazylijskiego miasta. Wie\u017ca Vitra ju\u017c gotowa"},"content":{"rendered":"\n<p><strong>Wie\u017cowiec Vitra<\/strong> powsta\u0142 przy alei Brasil, w cz\u0119\u015bci miasta oddalonej od zwartej zabudowy wysoko\u015bciowej ci\u0105gn\u0105cej si\u0119 wzd\u0142u\u017c pla\u017cy Praia Central. Lokalizacja w g\u0142\u0119bi l\u0105du pozwoli\u0142a na wyeksponowanie bry\u0142y jako samodzielnego punktu orientacyjnego w strukturze miejskiej Balne\u00e1rio Cambori\u00fa.<\/p>\n\n\n\n<figure class=\"wp-block-image size-large\"><img fetchpriority=\"high\" decoding=\"async\" width=\"1024\" height=\"576\" src=\"https:\/\/www.propertyobserver.pl\/wp-content\/uploads\/2026\/01\/50-2-1024x576.jpg\" alt=\"\" class=\"wp-image-5898\" srcset=\"https:\/\/www.propertyobserver.pl\/wp-content\/uploads\/2026\/01\/50-2-1024x576.jpg 1024w, https:\/\/www.propertyobserver.pl\/wp-content\/uploads\/2026\/01\/50-2-300x169.jpg 300w, https:\/\/www.propertyobserver.pl\/wp-content\/uploads\/2026\/01\/50-2-768x432.jpg 768w, https:\/\/www.propertyobserver.pl\/wp-content\/uploads\/2026\/01\/50-2-1536x864.jpg 1536w, https:\/\/www.propertyobserver.pl\/wp-content\/uploads\/2026\/01\/50-2-2048x1152.jpg 2048w, https:\/\/www.propertyobserver.pl\/wp-content\/uploads\/2026\/01\/50-2-332x187.jpg 332w, https:\/\/www.propertyobserver.pl\/wp-content\/uploads\/2026\/01\/50-2-664x373.jpg 664w, https:\/\/www.propertyobserver.pl\/wp-content\/uploads\/2026\/01\/50-2-688x387.jpg 688w, https:\/\/www.propertyobserver.pl\/wp-content\/uploads\/2026\/01\/50-2-1376x774.jpg 1376w, https:\/\/www.propertyobserver.pl\/wp-content\/uploads\/2026\/01\/50-2-1044x587.jpg 1044w, https:\/\/www.propertyobserver.pl\/wp-content\/uploads\/2026\/01\/50-2-2088x1174.jpg 2088w, https:\/\/www.propertyobserver.pl\/wp-content\/uploads\/2026\/01\/50-2-1400x787.jpg 1400w, https:\/\/www.propertyobserver.pl\/wp-content\/uploads\/2026\/01\/50-2-1920x1080.jpg 1920w, https:\/\/www.propertyobserver.pl\/wp-content\/uploads\/2026\/01\/50-2.jpg 2100w\" sizes=\"(max-width: 1024px) 100vw, 1024px\" \/><figcaption class=\"wp-element-caption\">Pinifarnia<\/figcaption><\/figure>\n\n\n\n<p>Projekt architektoniczny przygotowa\u0142o w\u0142oskie studio Pininfarina we wsp\u00f3\u0142pracy z lokalnym deweloperem GT Home. Budynek osadzono na rozleg\u0142ym, klinowym podium, w kt\u00f3rym zaplanowano funkcje handlowe. Na jego g\u00f3rnym poziomie znalaz\u0142 si\u0119 odkryty basen oraz taras dost\u0119pny dla u\u017cytkownik\u00f3w obiektu.<\/p>\n\n\n\n<p>Nad podium wznosi si\u0119 smuk\u0142a wie\u017ca o wyra\u017anie zaznaczonej strukturze. Jej charakterystycznym elementem jest ci\u0105g\u0142a aluminiowa rama oplataj\u0105ca bry\u0142\u0119 na ca\u0142ej wysoko\u015bci. Zabieg ten porz\u0105dkuje kompozycj\u0119 elewacji i jednocze\u015bnie wyznacza granic\u0119 pomi\u0119dzy og\u00f3lnodost\u0119pn\u0105 cz\u0119\u015bci\u0105 us\u0142ugow\u0105 a prywatn\u0105 stref\u0105 mieszkaln\u0105 zlokalizowan\u0105 wy\u017cej.<\/p>\n\n\n\n<figure class=\"wp-block-image size-large\"><img decoding=\"async\" width=\"683\" height=\"1024\" src=\"https:\/\/www.propertyobserver.pl\/wp-content\/uploads\/2026\/01\/52-2-683x1024.jpg\" alt=\"\" class=\"wp-image-5900\" srcset=\"https:\/\/www.propertyobserver.pl\/wp-content\/uploads\/2026\/01\/52-2-683x1024.jpg 683w, https:\/\/www.propertyobserver.pl\/wp-content\/uploads\/2026\/01\/52-2-200x300.jpg 200w, https:\/\/www.propertyobserver.pl\/wp-content\/uploads\/2026\/01\/52-2-768x1152.jpg 768w, https:\/\/www.propertyobserver.pl\/wp-content\/uploads\/2026\/01\/52-2-1024x1536.jpg 1024w, https:\/\/www.propertyobserver.pl\/wp-content\/uploads\/2026\/01\/52-2-1365x2048.jpg 1365w, https:\/\/www.propertyobserver.pl\/wp-content\/uploads\/2026\/01\/52-2-332x498.jpg 332w, https:\/\/www.propertyobserver.pl\/wp-content\/uploads\/2026\/01\/52-2-664x996.jpg 664w, https:\/\/www.propertyobserver.pl\/wp-content\/uploads\/2026\/01\/52-2-688x1032.jpg 688w, https:\/\/www.propertyobserver.pl\/wp-content\/uploads\/2026\/01\/52-2-1044x1566.jpg 1044w, https:\/\/www.propertyobserver.pl\/wp-content\/uploads\/2026\/01\/52-2-1400x2100.jpg 1400w, https:\/\/www.propertyobserver.pl\/wp-content\/uploads\/2026\/01\/52-2.jpg 1576w\" sizes=\"(max-width: 683px) 100vw, 683px\" \/><figcaption class=\"wp-element-caption\">Pinifarnia<\/figcaption><\/figure>\n\n\n\n<p>Pozosta\u0142e powierzchnie elewacyjne wyko\u0144czono ciemnym szk\u0142em, co wzmacnia wertykalny charakter obiektu i podkre\u015bla kontrast pomi\u0119dzy ram\u0105 a w\u0142a\u015bciw\u0105 bry\u0142\u0105 wie\u017cy. Ca\u0142o\u015b\u0107 zosta\u0142a zaprojektowana jako jednolity element urbanistyczny, \u0142\u0105cz\u0105cy dwie pierzeje kwarta\u0142u w jedn\u0105 kompozycj\u0119 przestrzenn\u0105.<\/p>\n\n\n\n<p>W cz\u0119\u015bci mieszkalnej zaplanowano<strong> 100 apartament\u00f3w, po dwa lokale na ka\u017cdej kondygnacji<\/strong>. Na najwy\u017cszym poziomie powsta\u0142a <strong>strefa typu sky lounge z widokiem na panoram\u0119 miasta<\/strong>. Wn\u0119trza cz\u0119\u015bci wsp\u00f3lnych utrzymano w stonowanej stylistyce, z dominacj\u0105 ciemnego drewna. Do dyspozycji mieszka\u0144c\u00f3w oddano r\u00f3wnie\u017c zaplecze rekreacyjne, w tym si\u0142owni\u0119, basen wewn\u0119trzny oraz przestrze\u0144 dla dzieci.<\/p>\n\n\n\n<figure class=\"wp-block-image size-large\"><img decoding=\"async\" width=\"1024\" height=\"683\" src=\"https:\/\/www.propertyobserver.pl\/wp-content\/uploads\/2026\/01\/53-2-1024x683.jpg\" alt=\"\" class=\"wp-image-5901\" srcset=\"https:\/\/www.propertyobserver.pl\/wp-content\/uploads\/2026\/01\/53-2-1024x683.jpg 1024w, https:\/\/www.propertyobserver.pl\/wp-content\/uploads\/2026\/01\/53-2-300x200.jpg 300w, https:\/\/www.propertyobserver.pl\/wp-content\/uploads\/2026\/01\/53-2-768x512.jpg 768w, https:\/\/www.propertyobserver.pl\/wp-content\/uploads\/2026\/01\/53-2-1536x1024.jpg 1536w, https:\/\/www.propertyobserver.pl\/wp-content\/uploads\/2026\/01\/53-2-2048x1365.jpg 2048w, https:\/\/www.propertyobserver.pl\/wp-content\/uploads\/2026\/01\/53-2-332x221.jpg 332w, https:\/\/www.propertyobserver.pl\/wp-content\/uploads\/2026\/01\/53-2-664x443.jpg 664w, https:\/\/www.propertyobserver.pl\/wp-content\/uploads\/2026\/01\/53-2-688x459.jpg 688w, https:\/\/www.propertyobserver.pl\/wp-content\/uploads\/2026\/01\/53-2-1044x696.jpg 1044w, https:\/\/www.propertyobserver.pl\/wp-content\/uploads\/2026\/01\/53-2-1400x933.jpg 1400w, https:\/\/www.propertyobserver.pl\/wp-content\/uploads\/2026\/01\/53-2-1920x1280.jpg 1920w, https:\/\/www.propertyobserver.pl\/wp-content\/uploads\/2026\/01\/53-2.jpg 2100w\" sizes=\"(max-width: 1024px) 100vw, 1024px\" \/><figcaption class=\"wp-element-caption\">Pinifarnia<\/figcaption><\/figure>\n\n\n\n<p><strong>Vitra<\/strong> stanowi kolejny element rozbudowy intensywnie rozwijaj\u0105cej si\u0119 panoramy <strong>Balne\u00e1rio Cambori\u00fa<\/strong>. Miasto od lat przyci\u0105ga inwestycje wysoko\u015bciowe, co jest efektem lokalnych regulacji planistycznych oraz aktywno\u015bci prywatnych deweloper\u00f3w. Wcze\u015bniej w tym samym o\u015brodku uko\u0144czono m.in. kompleks <strong>Yachthouse<\/strong>, kt\u00f3ry pozostaje najwy\u017cszym budynkiem w Brazylii.<\/p>\n\n\n\n<p>Obecnie w Balne\u00e1rio Cambori\u00fa realizowane s\u0105 kolejne projekty superwysokich wie\u017c, w tym inwestycja mieszkaniowa, kt\u00f3ra po uko\u0144czeniu ma sta\u0107 si\u0119 najwy\u017cszym tego typu obiektem na \u015bwiecie. <\/p>\n","protected":false},"excerpt":{"rendered":"W brazylijskim Balne\u00e1rio Cambori\u00fa zako\u0144czono realizacj\u0119 nowego wie\u017cowca wielofunkcyjnego zaprojektowanego przez studio Pininfarina. Licz\u0105cy 208 metr\u00f3w wysoko\u015bci budynek Vitra z 62 kondygnacjami \u0142\u0105czy funkcje mieszkaniowe i komercyjne.","protected":false},"author":3,"featured_media":5899,"comment_status":"open","ping_status":"open","sticky":false,"template":"","format":"standard","meta":{"csco_display_header_overlay":false,"csco_singular_sidebar":"","csco_page_header_type":"","csco_page_load_nextpost":"","csco_post_video_location":[],"csco_post_video_location_hash":"","csco_post_video_url":"","csco_post_video_bg_start_time":0,"csco_post_video_bg_end_time":0,"footnotes":""},"categories":[9,1],"tags":[71,72],"class_list":{"0":"post-5896","1":"post","2":"type-post","3":"status-publish","4":"format-standard","5":"has-post-thumbnail","7":"category-ukonczone","8":"category-wiezowce","9":"tag-ameryka-poludniowa","10":"tag-brazylia","11":"cs-entry","12":"cs-video-wrap"},"_links":{"self":[{"href":"https:\/\/www.propertyobserver.pl\/index.php\/wp-json\/wp\/v2\/posts\/5896"}],"collection":[{"href":"https:\/\/www.propertyobserver.pl\/index.php\/wp-json\/wp\/v2\/posts"}],"about":[{"href":"https:\/\/www.propertyobserver.pl\/index.php\/wp-json\/wp\/v2\/types\/post"}],"author":[{"embeddable":true,"href":"https:\/\/www.propertyobserver.pl\/index.php\/wp-json\/wp\/v2\/users\/3"}],"replies":[{"embeddable":true,"href":"https:\/\/www.propertyobserver.pl\/index.php\/wp-json\/wp\/v2\/comments?post=5896"}],"version-history":[{"count":1,"href":"https:\/\/www.propertyobserver.pl\/index.php\/wp-json\/wp\/v2\/posts\/5896\/revisions"}],"predecessor-version":[{"id":5902,"href":"https:\/\/www.propertyobserver.pl\/index.php\/wp-json\/wp\/v2\/posts\/5896\/revisions\/5902"}],"wp:featuredmedia":[{"embeddable":true,"href":"https:\/\/www.propertyobserver.pl\/index.php\/wp-json\/wp\/v2\/media\/5899"}],"wp:attachment":[{"href":"https:\/\/www.propertyobserver.pl\/index.php\/wp-json\/wp\/v2\/media?parent=5896"}],"wp:term":[{"taxonomy":"category","embeddable":true,"href":"https:\/\/www.propertyobserver.pl\/index.php\/wp-json\/wp\/v2\/categories?post=5896"},{"taxonomy":"post_tag","embeddable":true,"href":"https:\/\/www.propertyobserver.pl\/index.php\/wp-json\/wp\/v2\/tags?post=5896"}],"curies":[{"name":"wp","href":"https:\/\/api.w.org\/{rel}","templated":true}]}}