{"id":6239,"date":"2026-03-12T08:59:41","date_gmt":"2026-03-12T08:59:41","guid":{"rendered":"https:\/\/www.propertyobserver.pl\/?p=6239"},"modified":"2026-03-12T08:59:42","modified_gmt":"2026-03-12T08:59:42","slug":"nowe-world-trade-center-powstanie-w-technologicznej-dzielnicy-kompleks-o-powierzchni-150-tys-mkw","status":"publish","type":"post","link":"https:\/\/www.propertyobserver.pl\/index.php\/2026\/03\/12\/nowe-world-trade-center-powstanie-w-technologicznej-dzielnicy-kompleks-o-powierzchni-150-tys-mkw\/","title":{"rendered":"Nowe World Trade Center powstanie w technologicznej dzielnicy. Kompleks o powierzchni 150 tys. mkw."},"content":{"rendered":"\n<p>W Bras\u00edlii ruszy\u0142a budowa inwestycji pod nazw\u0105 World Trade Center Biotic, powstaj\u0105cej w ramach dzielnicy innowacji po\u0142o\u017conej na p\u00f3\u0142noc od centrum miasta. Za projekt architektoniczny odpowiada pracownia <strong>Architecture Office<\/strong>.<\/p>\n\n\n\n<p><strong>Dzielnica Biotic<\/strong> zajmie oko\u0142o milion metr\u00f3w kwadratowych i zosta\u0142a zaplanowana jako centrum technologiczne skupiaj\u0105ce dzia\u0142alno\u015b\u0107 badawcz\u0105, biznesow\u0105 i edukacyjn\u0105. Obszar znajduje si\u0119 na obrze\u017cach miasta, w pobli\u017cu parku narodowego, na terenie w wi\u0119kszo\u015bci dot\u0105d niezagospodarowanym.<\/p>\n\n\n\n<figure class=\"wp-block-image size-large\"><img fetchpriority=\"high\" decoding=\"async\" width=\"1024\" height=\"1024\" src=\"https:\/\/www.propertyobserver.pl\/wp-content\/uploads\/2026\/03\/62-1024x1024.jpg\" alt=\"\" class=\"wp-image-6243\" srcset=\"https:\/\/www.propertyobserver.pl\/wp-content\/uploads\/2026\/03\/62-1024x1024.jpg 1024w, https:\/\/www.propertyobserver.pl\/wp-content\/uploads\/2026\/03\/62-300x300.jpg 300w, https:\/\/www.propertyobserver.pl\/wp-content\/uploads\/2026\/03\/62-150x150.jpg 150w, https:\/\/www.propertyobserver.pl\/wp-content\/uploads\/2026\/03\/62-768x768.jpg 768w, https:\/\/www.propertyobserver.pl\/wp-content\/uploads\/2026\/03\/62-1536x1536.jpg 1536w, https:\/\/www.propertyobserver.pl\/wp-content\/uploads\/2026\/03\/62-2048x2048.jpg 2048w, https:\/\/www.propertyobserver.pl\/wp-content\/uploads\/2026\/03\/62-72x72.jpg 72w, https:\/\/www.propertyobserver.pl\/wp-content\/uploads\/2026\/03\/62-144x144.jpg 144w, https:\/\/www.propertyobserver.pl\/wp-content\/uploads\/2026\/03\/62-332x332.jpg 332w, https:\/\/www.propertyobserver.pl\/wp-content\/uploads\/2026\/03\/62-664x664.jpg 664w, https:\/\/www.propertyobserver.pl\/wp-content\/uploads\/2026\/03\/62-688x688.jpg 688w, https:\/\/www.propertyobserver.pl\/wp-content\/uploads\/2026\/03\/62-1044x1044.jpg 1044w, https:\/\/www.propertyobserver.pl\/wp-content\/uploads\/2026\/03\/62-1400x1400.jpg 1400w, https:\/\/www.propertyobserver.pl\/wp-content\/uploads\/2026\/03\/62-1920x1920.jpg 1920w, https:\/\/www.propertyobserver.pl\/wp-content\/uploads\/2026\/03\/62.jpg 2100w\" sizes=\"(max-width: 1024px) 100vw, 1024px\" \/><figcaption class=\"wp-element-caption\">Architecture Office<\/figcaption><\/figure>\n\n\n\n<p>Nowy kompleks przybierze form\u0119 rozleg\u0142ej zabudowy o planie kwadratu o wymiarach oko\u0142o 250 na 250 metr\u00f3w. W jego obr\u0119bie powstanie kilka budynk\u00f3w o zr\u00f3\u017cnicowanych funkcjach. Zostan\u0105 one przykryte du\u017c\u0105, faluj\u0105c\u0105 konstrukcj\u0105 dachow\u0105, kt\u00f3ra stanie si\u0119 najbardziej charakterystycznym elementem ca\u0142ego projektu.<\/p>\n\n\n\n<p>Zadaszenie b\u0119dzie pokryte panelami fotowoltaicznymi oraz elementami pergoli i zieleni. W konstrukcji zaplanowano tak\u017ce du\u017ce otwory, kt\u00f3re pozwol\u0105 na powstanie otwartych dziedzi\u0144c\u00f3w wewn\u0105trz kompleksu. Dzi\u0119ki temu pomi\u0119dzy budynkami pojawi\u0105 si\u0119 przestrzenie publiczne z zieleni\u0105 i wod\u0105.<\/p>\n\n\n\n<figure class=\"wp-block-image size-large\"><img decoding=\"async\" width=\"819\" height=\"1024\" src=\"https:\/\/www.propertyobserver.pl\/wp-content\/uploads\/2026\/03\/61-819x1024.jpg\" alt=\"\" class=\"wp-image-6242\" srcset=\"https:\/\/www.propertyobserver.pl\/wp-content\/uploads\/2026\/03\/61-819x1024.jpg 819w, https:\/\/www.propertyobserver.pl\/wp-content\/uploads\/2026\/03\/61-240x300.jpg 240w, https:\/\/www.propertyobserver.pl\/wp-content\/uploads\/2026\/03\/61-768x960.jpg 768w, https:\/\/www.propertyobserver.pl\/wp-content\/uploads\/2026\/03\/61-1229x1536.jpg 1229w, https:\/\/www.propertyobserver.pl\/wp-content\/uploads\/2026\/03\/61-1638x2048.jpg 1638w, https:\/\/www.propertyobserver.pl\/wp-content\/uploads\/2026\/03\/61-332x415.jpg 332w, https:\/\/www.propertyobserver.pl\/wp-content\/uploads\/2026\/03\/61-664x830.jpg 664w, https:\/\/www.propertyobserver.pl\/wp-content\/uploads\/2026\/03\/61-688x860.jpg 688w, https:\/\/www.propertyobserver.pl\/wp-content\/uploads\/2026\/03\/61-1044x1305.jpg 1044w, https:\/\/www.propertyobserver.pl\/wp-content\/uploads\/2026\/03\/61-1400x1750.jpg 1400w, https:\/\/www.propertyobserver.pl\/wp-content\/uploads\/2026\/03\/61.jpg 1891w\" sizes=\"(max-width: 819px) 100vw, 819px\" \/><figcaption class=\"wp-element-caption\">Architecture Office<\/figcaption><\/figure>\n\n\n\n<p>Pod wsp\u00f3lnym dachem zaplanowano biurowce, hotel, przestrzenie konferencyjne oraz obiekty mieszkalne. Projekt przewiduje tak\u017ce funkcje wystawiennicze i targowe, kt\u00f3re maj\u0105 przyci\u0105ga\u0107 wydarzenia o zasi\u0119gu mi\u0119dzynarodowym.<\/p>\n\n\n\n<figure class=\"wp-block-image size-large\"><img decoding=\"async\" width=\"1024\" height=\"576\" src=\"https:\/\/www.propertyobserver.pl\/wp-content\/uploads\/2026\/03\/60-1024x576.jpg\" alt=\"\" class=\"wp-image-6241\" srcset=\"https:\/\/www.propertyobserver.pl\/wp-content\/uploads\/2026\/03\/60-1024x576.jpg 1024w, https:\/\/www.propertyobserver.pl\/wp-content\/uploads\/2026\/03\/60-300x169.jpg 300w, https:\/\/www.propertyobserver.pl\/wp-content\/uploads\/2026\/03\/60-768x432.jpg 768w, https:\/\/www.propertyobserver.pl\/wp-content\/uploads\/2026\/03\/60-1536x864.jpg 1536w, https:\/\/www.propertyobserver.pl\/wp-content\/uploads\/2026\/03\/60-2048x1152.jpg 2048w, https:\/\/www.propertyobserver.pl\/wp-content\/uploads\/2026\/03\/60-332x187.jpg 332w, https:\/\/www.propertyobserver.pl\/wp-content\/uploads\/2026\/03\/60-664x373.jpg 664w, https:\/\/www.propertyobserver.pl\/wp-content\/uploads\/2026\/03\/60-688x387.jpg 688w, https:\/\/www.propertyobserver.pl\/wp-content\/uploads\/2026\/03\/60-1376x774.jpg 1376w, https:\/\/www.propertyobserver.pl\/wp-content\/uploads\/2026\/03\/60-1044x587.jpg 1044w, https:\/\/www.propertyobserver.pl\/wp-content\/uploads\/2026\/03\/60-2088x1174.jpg 2088w, https:\/\/www.propertyobserver.pl\/wp-content\/uploads\/2026\/03\/60-1400x787.jpg 1400w, https:\/\/www.propertyobserver.pl\/wp-content\/uploads\/2026\/03\/60-1920x1080.jpg 1920w, https:\/\/www.propertyobserver.pl\/wp-content\/uploads\/2026\/03\/60.jpg 2100w\" sizes=\"(max-width: 1024px) 100vw, 1024px\" \/><figcaption class=\"wp-element-caption\">Architecture Office<\/figcaption><\/figure>\n\n\n\n<p>Zesp\u00f3\u0142 projektowy zdecydowa\u0142 si\u0119 na ograniczenie wysoko\u015bci budynk\u00f3w i rozbudow\u0119 ich w poziomie. Wizualizacje przedstawiaj\u0105 rozleg\u0142e tereny zielone, liczne nasadzenia oraz zbiorniki wodne rozmieszczone w r\u00f3\u017cnych cz\u0119\u015bciach kompleksu. <\/p>\n\n\n\n<p>Inwestycja realizowana b\u0119dzie etapowo. Na pocz\u0105tek powstan\u0105 budynki biurowe, nast\u0119pnie hotel, a w kolejnych fazach zabudowa mieszkaniowa. Wed\u0142ug wst\u0119pnych za\u0142o\u017ce\u0144 do 2030 roku powstanie oko\u0142o 150 tysi\u0119cy metr\u00f3w kwadratowych powierzchni zabudowy.<\/p>\n","protected":false},"excerpt":{"rendered":"W p\u00f3\u0142nocnej cz\u0119\u015bci Bras\u00edlii powstaje nowy kompleks World Trade Center zaprojektowany przez brazylijskie studio Architecture Office. Projekt stanowi cz\u0119\u015b\u0107 technologicznej dzielnicy Biotic.","protected":false},"author":2,"featured_media":6244,"comment_status":"open","ping_status":"open","sticky":false,"template":"","format":"standard","meta":{"csco_display_header_overlay":false,"csco_singular_sidebar":"","csco_page_header_type":"","csco_page_load_nextpost":"","csco_post_video_location":[],"csco_post_video_location_hash":"","csco_post_video_url":"","csco_post_video_bg_start_time":0,"csco_post_video_bg_end_time":0,"footnotes":""},"categories":[11],"tags":[71,72],"class_list":{"0":"post-6239","1":"post","2":"type-post","3":"status-publish","4":"format-standard","5":"has-post-thumbnail","7":"category-wbudowie","8":"tag-ameryka-poludniowa","9":"tag-brazylia","10":"cs-entry","11":"cs-video-wrap"},"_links":{"self":[{"href":"https:\/\/www.propertyobserver.pl\/index.php\/wp-json\/wp\/v2\/posts\/6239"}],"collection":[{"href":"https:\/\/www.propertyobserver.pl\/index.php\/wp-json\/wp\/v2\/posts"}],"about":[{"href":"https:\/\/www.propertyobserver.pl\/index.php\/wp-json\/wp\/v2\/types\/post"}],"author":[{"embeddable":true,"href":"https:\/\/www.propertyobserver.pl\/index.php\/wp-json\/wp\/v2\/users\/2"}],"replies":[{"embeddable":true,"href":"https:\/\/www.propertyobserver.pl\/index.php\/wp-json\/wp\/v2\/comments?post=6239"}],"version-history":[{"count":1,"href":"https:\/\/www.propertyobserver.pl\/index.php\/wp-json\/wp\/v2\/posts\/6239\/revisions"}],"predecessor-version":[{"id":6245,"href":"https:\/\/www.propertyobserver.pl\/index.php\/wp-json\/wp\/v2\/posts\/6239\/revisions\/6245"}],"wp:featuredmedia":[{"embeddable":true,"href":"https:\/\/www.propertyobserver.pl\/index.php\/wp-json\/wp\/v2\/media\/6244"}],"wp:attachment":[{"href":"https:\/\/www.propertyobserver.pl\/index.php\/wp-json\/wp\/v2\/media?parent=6239"}],"wp:term":[{"taxonomy":"category","embeddable":true,"href":"https:\/\/www.propertyobserver.pl\/index.php\/wp-json\/wp\/v2\/categories?post=6239"},{"taxonomy":"post_tag","embeddable":true,"href":"https:\/\/www.propertyobserver.pl\/index.php\/wp-json\/wp\/v2\/tags?post=6239"}],"curies":[{"name":"wp","href":"https:\/\/api.w.org\/{rel}","templated":true}]}}