{"id":6246,"date":"2026-03-13T08:29:35","date_gmt":"2026-03-13T08:29:35","guid":{"rendered":"https:\/\/www.propertyobserver.pl\/?p=6246"},"modified":"2026-03-13T08:29:35","modified_gmt":"2026-03-13T08:29:35","slug":"powstanie-nowa-dzielnica-w-paryskim-la-defense-8-hektarow-do-przeksztalcenia","status":"publish","type":"post","link":"https:\/\/www.propertyobserver.pl\/index.php\/2026\/03\/13\/powstanie-nowa-dzielnica-w-paryskim-la-defense-8-hektarow-do-przeksztalcenia\/","title":{"rendered":"Powstanie nowa dzielnica w paryskim La D\u00e9fense. 8 hektar\u00f3w do przekszta\u0142cenia"},"content":{"rendered":"\n<p>Mi\u0119dzynarodowy zesp\u00f3\u0142 projektowy kierowany przez pracowni\u0119 RSHP wygra\u0142 konkurs na zagospodarowanie obszaru Rives-D\u00e9fense, kt\u00f3ry ma zosta\u0107 przekszta\u0142cony w wielofunkcyjn\u0105, niskoemisyjn\u0105 cz\u0119\u015b\u0107 miasta.<\/p>\n\n\n\n<p>Chodzi o zagospodarowanie terenu Rives-D\u00e9fense &#8211; obszaru o powierzchni oko\u0142o o\u015bmiu hektar\u00f3w po\u0142o\u017conego w pobli\u017cu paryskiej dzielnicy biznesowej La D\u00e9fense. Plan zak\u0142ada przekszta\u0142cenie tego fragmentu miasta w wielofunkcyjn\u0105 dzielnic\u0119 \u0142\u0105cz\u0105c\u0105 funkcje miejskie z terenami publicznymi.<\/p>\n\n\n\n<p>W sk\u0142ad mi\u0119dzynarodowego konsorcjum kierowanego przez pracowni\u0119 RSHP wchodz\u0105 Atelier SOIL, Altitude 35, Arcadis, Atelier Franck Boutt\u00e9, Urban Eco oraz Mobius.<\/p>\n\n\n\n<p>Teren inwestycji znajduje si\u0119 w strategicznym miejscu przy wje\u017adzie do La D\u00e9fense i wzd\u0142u\u017c historycznej osi urbanistycznej Pary\u017ca, kt\u00f3ra \u0142\u0105czy Luwr z zachodni\u0105 cz\u0119\u015bci\u0105 aglomeracji. Obszar graniczy r\u00f3wnie\u017c z Sekwan\u0105, co wed\u0142ug projektant\u00f3w stanowi jeden z kluczowych element\u00f3w przysz\u0142ego zagospodarowania.<\/p>\n\n\n\n<p>Koncepcja zak\u0142ada stworzenie nowej struktury urbanistycznej o zr\u00f3\u017cnicowanej wysoko\u015bci zabudowy. Najwy\u017csze obiekty maj\u0105 powsta\u0107 wzd\u0142u\u017c osi La D\u00e9fense, natomiast w kierunku Sekwany zabudowa stopniowo b\u0119dzie si\u0119 obni\u017ca\u0107, przechodz\u0105c w bardziej otwarte przestrzenie publiczne. Planowana dzielnica ma pe\u0142ni\u0107 funkcj\u0119 wielofunkcyjnego fragmentu miasta, w kt\u00f3rym po\u0142\u0105czone zostan\u0105 r\u00f3\u017cne aktywno\u015bci miejskie. Zak\u0142ada si\u0119 rozw\u00f3j przestrzeni publicznych, teren\u00f3w zielonych oraz zabudowy o zr\u00f3\u017cnicowanym przeznaczeniu.<\/p>\n\n\n\n<figure class=\"wp-block-image size-full\"><img fetchpriority=\"high\" decoding=\"async\" width=\"1014\" height=\"874\" src=\"https:\/\/www.propertyobserver.pl\/wp-content\/uploads\/2026\/03\/46.jpg\" alt=\"\" class=\"wp-image-6249\" srcset=\"https:\/\/www.propertyobserver.pl\/wp-content\/uploads\/2026\/03\/46.jpg 1014w, https:\/\/www.propertyobserver.pl\/wp-content\/uploads\/2026\/03\/46-300x259.jpg 300w, https:\/\/www.propertyobserver.pl\/wp-content\/uploads\/2026\/03\/46-768x662.jpg 768w, https:\/\/www.propertyobserver.pl\/wp-content\/uploads\/2026\/03\/46-332x286.jpg 332w, https:\/\/www.propertyobserver.pl\/wp-content\/uploads\/2026\/03\/46-664x572.jpg 664w, https:\/\/www.propertyobserver.pl\/wp-content\/uploads\/2026\/03\/46-688x593.jpg 688w\" sizes=\"(max-width: 1014px) 100vw, 1014px\" \/><figcaption class=\"wp-element-caption\">RSHP<\/figcaption><\/figure>\n\n\n\n<p>Realizacja projektu ma opiera\u0107 si\u0119 na wsp\u00f3\u0142pracy podmiot\u00f3w publicznych i prywatnych. Proces transformacji terenu ma przebiega\u0107 etapami, z udzia\u0142em wielu interesariuszy oraz w ramach d\u0142ugofalowego planowania urbanistycznego.<\/p>\n","protected":false},"excerpt":{"rendered":"W paryskiej dzielnicy biznesowej La D\u00e9fense planowana jest du\u017ca transformacja urbanistyczna.","protected":false},"author":3,"featured_media":6248,"comment_status":"open","ping_status":"open","sticky":false,"template":"","format":"standard","meta":{"csco_display_header_overlay":false,"csco_singular_sidebar":"","csco_page_header_type":"","csco_page_load_nextpost":"","csco_post_video_location":[],"csco_post_video_location_hash":"","csco_post_video_url":"","csco_post_video_bg_start_time":0,"csco_post_video_bg_end_time":0,"footnotes":""},"categories":[7,1],"tags":[34,84,122],"class_list":{"0":"post-6246","1":"post","2":"type-post","3":"status-publish","4":"format-standard","5":"has-post-thumbnail","7":"category-planynaprzyszlosc","8":"category-wiezowce","9":"tag-europa","10":"tag-francja","11":"tag-paryz","12":"cs-entry","13":"cs-video-wrap"},"_links":{"self":[{"href":"https:\/\/www.propertyobserver.pl\/index.php\/wp-json\/wp\/v2\/posts\/6246"}],"collection":[{"href":"https:\/\/www.propertyobserver.pl\/index.php\/wp-json\/wp\/v2\/posts"}],"about":[{"href":"https:\/\/www.propertyobserver.pl\/index.php\/wp-json\/wp\/v2\/types\/post"}],"author":[{"embeddable":true,"href":"https:\/\/www.propertyobserver.pl\/index.php\/wp-json\/wp\/v2\/users\/3"}],"replies":[{"embeddable":true,"href":"https:\/\/www.propertyobserver.pl\/index.php\/wp-json\/wp\/v2\/comments?post=6246"}],"version-history":[{"count":1,"href":"https:\/\/www.propertyobserver.pl\/index.php\/wp-json\/wp\/v2\/posts\/6246\/revisions"}],"predecessor-version":[{"id":6250,"href":"https:\/\/www.propertyobserver.pl\/index.php\/wp-json\/wp\/v2\/posts\/6246\/revisions\/6250"}],"wp:featuredmedia":[{"embeddable":true,"href":"https:\/\/www.propertyobserver.pl\/index.php\/wp-json\/wp\/v2\/media\/6248"}],"wp:attachment":[{"href":"https:\/\/www.propertyobserver.pl\/index.php\/wp-json\/wp\/v2\/media?parent=6246"}],"wp:term":[{"taxonomy":"category","embeddable":true,"href":"https:\/\/www.propertyobserver.pl\/index.php\/wp-json\/wp\/v2\/categories?post=6246"},{"taxonomy":"post_tag","embeddable":true,"href":"https:\/\/www.propertyobserver.pl\/index.php\/wp-json\/wp\/v2\/tags?post=6246"}],"curies":[{"name":"wp","href":"https:\/\/api.w.org\/{rel}","templated":true}]}}