{"id":6415,"date":"2026-04-27T10:37:04","date_gmt":"2026-04-27T10:37:04","guid":{"rendered":"https:\/\/www.propertyobserver.pl\/?p=6415"},"modified":"2026-04-27T10:37:04","modified_gmt":"2026-04-27T10:37:04","slug":"duza-umowa-najmu-w-budowanym-biurowcu-olivin","status":"publish","type":"post","link":"https:\/\/www.propertyobserver.pl\/index.php\/2026\/04\/27\/duza-umowa-najmu-w-budowanym-biurowcu-olivin\/","title":{"rendered":"Du\u017ca umowa najmu w budowanym biurowcu Olivin"},"content":{"rendered":"\n<p>Skanska zawar\u0142a 10-letni\u0105 umow\u0119 najmu z Telenor Sweden oraz Telenor Connexion na oko\u0142o 6600 metr\u00f3w kwadratowych powierzchni biurowej w budynku <strong>Olivin<\/strong>. Obiekt powstaje w zachodniej cz\u0119\u015bci Kungsholmen w Sztokholmie.<\/p>\n\n\n\n<p>Nowi najemcy planuj\u0105 przeniesienie swojej siedziby do tego budynku w 2028 roku. Po podpisaniu umowy poziom wynaj\u0119cia powierzchni w obiekcie osi\u0105gn\u0105\u0142 oko\u0142o 87 procent.<\/p>\n\n\n\n<p>Realizowany <strong>biurowiec <\/strong>oferuje \u0142\u0105cznie oko\u0142o 23 tysi\u0119cy metr\u00f3w kwadratowych powierzchni roz\u0142o\u017conej na jedenastu kondygnacjach. Inwestycja jest w trakcie budowy, a jej uko\u0144czenie przewidziano na koniec 2026 roku. Wcze\u015bniej inwestor zabezpieczy\u0142 cz\u0119\u015b\u0107 przestrzeni na potrzeby w\u0142asnej siedziby.<\/p>\n\n\n\n<figure class=\"wp-block-image size-large\"><img fetchpriority=\"high\" decoding=\"async\" width=\"1024\" height=\"576\" src=\"https:\/\/www.propertyobserver.pl\/wp-content\/uploads\/2026\/04\/36-1024x576.jpg\" alt=\"\" class=\"wp-image-6418\" srcset=\"https:\/\/www.propertyobserver.pl\/wp-content\/uploads\/2026\/04\/36-1024x576.jpg 1024w, https:\/\/www.propertyobserver.pl\/wp-content\/uploads\/2026\/04\/36-300x169.jpg 300w, https:\/\/www.propertyobserver.pl\/wp-content\/uploads\/2026\/04\/36-768x432.jpg 768w, https:\/\/www.propertyobserver.pl\/wp-content\/uploads\/2026\/04\/36-1536x864.jpg 1536w, https:\/\/www.propertyobserver.pl\/wp-content\/uploads\/2026\/04\/36-2048x1152.jpg 2048w, https:\/\/www.propertyobserver.pl\/wp-content\/uploads\/2026\/04\/36-332x187.jpg 332w, https:\/\/www.propertyobserver.pl\/wp-content\/uploads\/2026\/04\/36-664x373.jpg 664w, https:\/\/www.propertyobserver.pl\/wp-content\/uploads\/2026\/04\/36-688x387.jpg 688w, https:\/\/www.propertyobserver.pl\/wp-content\/uploads\/2026\/04\/36-1376x774.jpg 1376w, https:\/\/www.propertyobserver.pl\/wp-content\/uploads\/2026\/04\/36-1044x587.jpg 1044w, https:\/\/www.propertyobserver.pl\/wp-content\/uploads\/2026\/04\/36-2088x1174.jpg 2088w, https:\/\/www.propertyobserver.pl\/wp-content\/uploads\/2026\/04\/36-1400x787.jpg 1400w, https:\/\/www.propertyobserver.pl\/wp-content\/uploads\/2026\/04\/36-1920x1080.jpg 1920w, https:\/\/www.propertyobserver.pl\/wp-content\/uploads\/2026\/04\/36.jpg 2100w\" sizes=\"(max-width: 1024px) 100vw, 1024px\" \/><figcaption class=\"wp-element-caption\">Skanska<\/figcaption><\/figure>\n\n\n\n<p>Projekt obejmuje nie tylko standardowe powierzchnie biurowe, lecz tak\u017ce zaplecze wspieraj\u0105ce codzienne funkcjonowanie u\u017cytkownik\u00f3w. W budynku przewidziano sale konferencyjne, tarasy oraz strefy rekreacyjne, w tym si\u0142owni\u0119 i przestrzenie wellness. Zaplanowano r\u00f3wnie\u017c infrastruktur\u0119 dla rowerzyst\u00f3w.<\/p>\n\n\n\n<p>Parter obiektu ma pe\u0142ni\u0107 funkcj\u0119 <strong>og\u00f3lnodost\u0119pnej przestrzeni us\u0142ugowej<\/strong>. Znajdzie si\u0119 tam restauracja, kawiarnia oraz zaplecze cateringowe prowadzone przez operatora K m\u00e4rkt. Przestrze\u0144 ta ma obs\u0142ugiwa\u0107 zar\u00f3wno pracownik\u00f3w budynku, jak i go\u015bci.<\/p>\n\n\n\n<p>Biurowiec zosta\u0142 zaprojektowany z uwzgl\u0119dnieniem rozwi\u0105za\u0144 ograniczaj\u0105cych zu\u017cycie energii i emisj\u0119 dwutlenku w\u0119gla. Celem inwestycji jest uzyskanie certyfikatu \u015brodowiskowego LEED na poziomie Platinum.<\/p>\n","protected":false},"excerpt":{"rendered":"Nowa siedziba jednej z najwi\u0119kszych firm telekomunikacyjnych w Szwecji powstanie w budowanym biurowcu Olivin w Sztokholmie.","protected":false},"author":3,"featured_media":6417,"comment_status":"open","ping_status":"open","sticky":false,"template":"","format":"standard","meta":{"csco_display_header_overlay":false,"csco_singular_sidebar":"","csco_page_header_type":"","csco_page_load_nextpost":"","csco_post_video_location":[],"csco_post_video_location_hash":"","csco_post_video_url":"","csco_post_video_bg_start_time":0,"csco_post_video_bg_end_time":0,"footnotes":""},"categories":[11],"tags":[34,137,109],"class_list":{"0":"post-6415","1":"post","2":"type-post","3":"status-publish","4":"format-standard","5":"has-post-thumbnail","7":"category-wbudowie","8":"tag-europa","9":"tag-sztokholm","10":"tag-szwecja","11":"cs-entry","12":"cs-video-wrap"},"_links":{"self":[{"href":"https:\/\/www.propertyobserver.pl\/index.php\/wp-json\/wp\/v2\/posts\/6415"}],"collection":[{"href":"https:\/\/www.propertyobserver.pl\/index.php\/wp-json\/wp\/v2\/posts"}],"about":[{"href":"https:\/\/www.propertyobserver.pl\/index.php\/wp-json\/wp\/v2\/types\/post"}],"author":[{"embeddable":true,"href":"https:\/\/www.propertyobserver.pl\/index.php\/wp-json\/wp\/v2\/users\/3"}],"replies":[{"embeddable":true,"href":"https:\/\/www.propertyobserver.pl\/index.php\/wp-json\/wp\/v2\/comments?post=6415"}],"version-history":[{"count":1,"href":"https:\/\/www.propertyobserver.pl\/index.php\/wp-json\/wp\/v2\/posts\/6415\/revisions"}],"predecessor-version":[{"id":6419,"href":"https:\/\/www.propertyobserver.pl\/index.php\/wp-json\/wp\/v2\/posts\/6415\/revisions\/6419"}],"wp:featuredmedia":[{"embeddable":true,"href":"https:\/\/www.propertyobserver.pl\/index.php\/wp-json\/wp\/v2\/media\/6417"}],"wp:attachment":[{"href":"https:\/\/www.propertyobserver.pl\/index.php\/wp-json\/wp\/v2\/media?parent=6415"}],"wp:term":[{"taxonomy":"category","embeddable":true,"href":"https:\/\/www.propertyobserver.pl\/index.php\/wp-json\/wp\/v2\/categories?post=6415"},{"taxonomy":"post_tag","embeddable":true,"href":"https:\/\/www.propertyobserver.pl\/index.php\/wp-json\/wp\/v2\/tags?post=6415"}],"curies":[{"name":"wp","href":"https:\/\/api.w.org\/{rel}","templated":true}]}}