{"id":6911,"date":"2026-09-01T08:05:16","date_gmt":"2026-09-01T08:05:16","guid":{"rendered":"https:\/\/www.propertyobserver.pl\/?p=6911"},"modified":"2026-09-01T08:05:16","modified_gmt":"2026-09-01T08:05:16","slug":"dawna-siedziba-ku-klux-klanu-zyska-zupelnie-nowa-funkcje-prace-rusza-w-2027-roku","status":"publish","type":"post","link":"https:\/\/www.propertyobserver.pl\/index.php\/2026\/09\/01\/dawna-siedziba-ku-klux-klanu-zyska-zupelnie-nowa-funkcje-prace-rusza-w-2027-roku\/","title":{"rendered":"Dawna siedziba Ku Klux Klanu zyska zupe\u0142nie now\u0105 funkcj\u0119. Prace rusz\u0105 w 2027 roku"},"content":{"rendered":"\n<p>Trzypi\u0119trowy budynek przy 1012 North Main Street w Fort Worth czeka gruntowna przebudowa. Obiekt, kt\u00f3ry w latach 20. XX wieku by\u0142 <strong>siedzib\u0105 Ku Klux Klanu<\/strong>, ma zosta\u0107 przekszta\u0142cony w <strong>wielofunkcyjne centrum przeznaczone na dzia\u0142alno\u015b\u0107 artystyczn\u0105, kulturaln\u0105 i spo\u0142eczn\u0105<\/strong>.<\/p>\n\n\n\n<p>Za przedsi\u0119wzi\u0119ciem stoi <strong>Transform 1012<\/strong>, koalicja skupiaj\u0105ca organizacje artystyczne, grupy spo\u0142eczne oraz lokalnych lider\u00f3w. Nowa funkcja obiektu ma by\u0107 skierowana mi\u0119dzy innymi do spo\u0142eczno\u015bci, kt\u00f3re w przesz\u0142o\u015bci do\u015bwiadcza\u0142y przemocy i wykluczenia.<\/p>\n\n\n\n<figure class=\"wp-block-image size-full\"><img fetchpriority=\"high\" decoding=\"async\" width=\"730\" height=\"1000\" src=\"https:\/\/www.propertyobserver.pl\/wp-content\/uploads\/2026\/09\/31.jpg\" alt=\"\" class=\"wp-image-6914\" srcset=\"https:\/\/www.propertyobserver.pl\/wp-content\/uploads\/2026\/09\/31.jpg 730w, https:\/\/www.propertyobserver.pl\/wp-content\/uploads\/2026\/09\/31-219x300.jpg 219w, https:\/\/www.propertyobserver.pl\/wp-content\/uploads\/2026\/09\/31-332x455.jpg 332w, https:\/\/www.propertyobserver.pl\/wp-content\/uploads\/2026\/09\/31-664x910.jpg 664w, https:\/\/www.propertyobserver.pl\/wp-content\/uploads\/2026\/09\/31-688x942.jpg 688w\" sizes=\"(max-width: 730px) 100vw, 730px\" \/><\/figure>\n\n\n\n<p>Budynek liczy oko\u0142o 3,2 tys. mkw. Ku Klux Klan korzysta\u0142 z niego do 1927 roku. W kolejnych dekadach nieruchomo\u015b\u0107 wielokrotnie zmienia\u0142a przeznaczenie. Funkcjonowa\u0142y tam mi\u0119dzy innymi magazyn domu towarowego, obiekt bokserski i koncertowy. Od 1946 do 1999 roku budynek nale\u017ca\u0142 do Ellis Pecan Company.<\/p>\n\n\n\n<p>Najwi\u0119ksza przestrze\u0144 widowiskowa znajdzie si\u0119 na najni\u017cszej kondygnacji. Zaprojektowano tam <strong>teatr mieszcz\u0105cy 250 os\u00f3b<\/strong>. W tej cz\u0119\u015bci obiektu pojawi\u0105 si\u0119 tak\u017ce przestrzenie warsztatowe, produkcyjne i artystyczne, pracownia stolarska, sale edukacyjne oraz kaplica o charakterze mi\u0119dzywyznaniowym. Powstan\u0105 tak\u017ce kawiarnia, bar i zewn\u0119trzny amfiteatr.<\/p>\n\n\n\n<p>Drugie pi\u0119tro zostanie przeznaczone przede wszystkim na dzia\u0142alno\u015b\u0107 kulturaln\u0105 i m\u0142odzie\u017cow\u0105. Zaplanowano dwie sale do pr\u00f3b tanecznych i zaj\u0119\u0107 ruchowych oraz galeri\u0119 upami\u0119tniaj\u0105c\u0105 Freda Rouse&#8217;a, kt\u00f3ry zosta\u0142 zlinczowany w Fort Worth w 1921 roku.<\/p>\n\n\n\n<figure class=\"wp-block-image size-full\"><img decoding=\"async\" width=\"768\" height=\"619\" src=\"https:\/\/www.propertyobserver.pl\/wp-content\/uploads\/2026\/09\/32.jpg\" alt=\"\" class=\"wp-image-6915\" srcset=\"https:\/\/www.propertyobserver.pl\/wp-content\/uploads\/2026\/09\/32.jpg 768w, https:\/\/www.propertyobserver.pl\/wp-content\/uploads\/2026\/09\/32-300x242.jpg 300w, https:\/\/www.propertyobserver.pl\/wp-content\/uploads\/2026\/09\/32-332x268.jpg 332w, https:\/\/www.propertyobserver.pl\/wp-content\/uploads\/2026\/09\/32-664x535.jpg 664w, https:\/\/www.propertyobserver.pl\/wp-content\/uploads\/2026\/09\/32-688x555.jpg 688w\" sizes=\"(max-width: 768px) 100vw, 768px\" \/><\/figure>\n\n\n\n<p>Na najwy\u017cszej kondygnacji przewidziano cz\u0119\u015b\u0107 administracyjn\u0105, sale konferencyjne oraz przestrze\u0144 coworkingow\u0105. Projekt obejmuje r\u00f3wnie\u017c urz\u0105dzenie zielonego tarasu na dachu.<\/p>\n\n\n\n<p>Przebudowa nie zak\u0142ada usuni\u0119cia wszystkich historycznych element\u00f3w konstrukcji. Projektanci zdecydowali si\u0119 zachowa\u0107 budynek i zestawi\u0107 jego istniej\u0105c\u0105 substancj\u0119 z nowymi materia\u0142ami. Na elewacjach pojawi\u0105 si\u0119 mi\u0119dzy innymi stal kortenowska, perforowane elementy metalowe oraz betonowe panele. Kolorystyka nowych cz\u0119\u015bci ma nawi\u0105zywa\u0107 do zachowanej ceg\u0142y.<\/p>\n\n\n\n<p>Projekt wy\u0142oniono w konkursie, do kt\u00f3rego zg\u0142oszono 27 propozycji. Zwyci\u0119ski zesp\u00f3\u0142 tworz\u0105 Germane Barnes ze Studio Barnes, Dennis Chiessa z ch_studio, Maria Gomez z GFF oraz Ujijji Davis Williams z JIMA Studio.<\/p>\n\n\n\n<p><strong>Harmonogram <\/strong>zak\u0142ada rozpocz\u0119cie przebudowy latem 2027 roku. Zako\u0144czenie ca\u0142ego przedsi\u0119wzi\u0119cia przewidywane jest na zim\u0119 2028 roku.<\/p>\n","protected":false},"excerpt":{"rendered":"Dawna siedziba Ku Klux Klanu w Fort Worth w Teksasie zostanie przebudowana na centrum sztuki, kultury i dzia\u0142alno\u015bci spo\u0142ecznej.","protected":false},"author":3,"featured_media":6913,"comment_status":"open","ping_status":"open","sticky":false,"template":"","format":"standard","meta":{"csco_display_header_overlay":false,"csco_singular_sidebar":"","csco_page_header_type":"","csco_page_load_nextpost":"","csco_post_video_location":[],"csco_post_video_location_hash":"","csco_post_video_url":"","csco_post_video_bg_start_time":0,"csco_post_video_bg_end_time":0,"footnotes":""},"categories":[7],"tags":[59,36,140],"class_list":{"0":"post-6911","1":"post","2":"type-post","3":"status-publish","4":"format-standard","5":"has-post-thumbnail","7":"category-planynaprzyszlosc","8":"tag-ameryka-polnocna","9":"tag-stany-zjednoczone","10":"tag-teksas","11":"cs-entry","12":"cs-video-wrap"},"_links":{"self":[{"href":"https:\/\/www.propertyobserver.pl\/index.php\/wp-json\/wp\/v2\/posts\/6911"}],"collection":[{"href":"https:\/\/www.propertyobserver.pl\/index.php\/wp-json\/wp\/v2\/posts"}],"about":[{"href":"https:\/\/www.propertyobserver.pl\/index.php\/wp-json\/wp\/v2\/types\/post"}],"author":[{"embeddable":true,"href":"https:\/\/www.propertyobserver.pl\/index.php\/wp-json\/wp\/v2\/users\/3"}],"replies":[{"embeddable":true,"href":"https:\/\/www.propertyobserver.pl\/index.php\/wp-json\/wp\/v2\/comments?post=6911"}],"version-history":[{"count":1,"href":"https:\/\/www.propertyobserver.pl\/index.php\/wp-json\/wp\/v2\/posts\/6911\/revisions"}],"predecessor-version":[{"id":6917,"href":"https:\/\/www.propertyobserver.pl\/index.php\/wp-json\/wp\/v2\/posts\/6911\/revisions\/6917"}],"wp:featuredmedia":[{"embeddable":true,"href":"https:\/\/www.propertyobserver.pl\/index.php\/wp-json\/wp\/v2\/media\/6913"}],"wp:attachment":[{"href":"https:\/\/www.propertyobserver.pl\/index.php\/wp-json\/wp\/v2\/media?parent=6911"}],"wp:term":[{"taxonomy":"category","embeddable":true,"href":"https:\/\/www.propertyobserver.pl\/index.php\/wp-json\/wp\/v2\/categories?post=6911"},{"taxonomy":"post_tag","embeddable":true,"href":"https:\/\/www.propertyobserver.pl\/index.php\/wp-json\/wp\/v2\/tags?post=6911"}],"curies":[{"name":"wp","href":"https:\/\/api.w.org\/{rel}","templated":true}]}}